{"id":231681,"date":"2018-10-08T08:45:17","date_gmt":"2018-10-08T06:45:17","guid":{"rendered":"https:\/\/www.radioluna.it\/news\/?p=231681"},"modified":"2018-10-08T08:45:17","modified_gmt":"2018-10-08T06:45:17","slug":"claudio-moscardelli-e-il-nuovo-segretario-provinciale-del-pd","status":"publish","type":"post","link":"https:\/\/www.radioluna.it\/news\/2018\/10\/claudio-moscardelli-e-il-nuovo-segretario-provinciale-del-pd\/","title":{"rendered":"Claudio Moscardelli \u00e8 il nuovo segretario provinciale del Pd"},"content":{"rendered":"<div id=\"fb-root\"><\/div>\n<p style=\"text-align: justify;\"><strong>LATINA &#8211;<\/strong>\u00a0 Claudio Moscardelli \u00e8 il nuovo segretario provinciale del Pd.\u00a0 L&#8217;assemblea che lo ha eletto, si compone di 251 membri di cui solo 151 hanno partecipato alla votazione e 124 di questi si sono espressi a favore dell&#8217;unico candidato in campo. Ma in effetti sono state le 20 schede bianche e le 7 nulle a garantire la validit\u00e0 dell&#8217;elezione visto che il quorum era fissato a 126.<\/p>\n<p style=\"text-align: justify;\">&#8220;Ringrazio l\u2019assemblea provinciale del PD per l\u2019elezione a Segretario Provinciale. \u00c8 un onore ed \u00e8 una responsabilit\u00e0 forte. Al di l\u00e0 delle scelte di ciascuno circa il proprio voto a favore o contrario, ringrazio tutti e ho la consapevolezza che il momento di emergenza che attraversa il nostro partito e le gravissime preoccupazioni che incombono sull\u2019Italia mi impegnano a dare il massimo della disponibilit\u00e0 per il PD e per la nostra comunit\u00e0 provinciale. Anche se eletto da una parte, sar\u00f2 il Segretario Provinciale di tutto il PD. Abbiamo ruoli e responsabilit\u00e0 di governo a livello regionale con due consiglieri regionali e un assessore , il Presidente della Provincia e molti sindaci capaci e di valore. Dobbiamo dare risposte di governo alla nostra comunit\u00e0 e mobilitare tutte le risorse di militanza e di partecipazione del PD. Questo \u00e8 ci\u00f2 che serve ed e\u2019 ci\u00f2 che prover\u00f2 a fare chiedendo la collaborazione di tutti&#8221;, \u00e8 stato il commento a caldo dell&#8217;ex parlamentare.<\/p>\n<p style=\"text-align: justify;\">A proclamare nel pomeriggio di ieri, dopo lo scrutinio al Park Hotel,\u00a0 Claudio Moscardelli\u00a0 nuovo segretario provinciale \u00e8 stato il presidente del Pd Latina, Mauro Visari. Nei giorni precedenti l&#8217;area del partito vicina al consigliere regionale Enrico Forte e alla ex Sottosegretaria Sesa Amici <a href=\"https:\/\/www.radioluna.it\/news\/2018\/10\/pd-al-voto-per-eleggere-moscardelli-segretario-ma-la-minoranza-non-ci-sara\/\">aveva annunciato l&#8217;intenzione di astenersi<\/a>.<\/p>\n","protected":false},"excerpt":{"rendered":"<p>LATINA &#8211;\u00a0 Claudio Moscardelli \u00e8 il nuovo segretario provinciale del Pd.\u00a0 L&#8217;assemblea che lo ha eletto, si compone di 251 membri di cui solo 151 hanno partecipato alla votazione e 124 di questi si sono espressi a favore dell&#8217;unico candidato in campo. Ma in effetti sono state le 20 schede bianche e le 7 nulle [&hellip;]<\/p>\n","protected":false},"author":62,"featured_media":99482,"comment_status":"open","ping_status":"open","sticky":false,"template":"","format":"standard","meta":{"footnotes":""},"categories":[8],"tags":[],"class_list":["post-231681","post","type-post","status-publish","format-standard","has-post-thumbnail","hentry","category-politica"],"_links":{"self":[{"href":"https:\/\/www.radioluna.it\/news\/wp-json\/wp\/v2\/posts\/231681","targetHints":{"allow":["GET"]}}],"collection":[{"href":"https:\/\/www.radioluna.it\/news\/wp-json\/wp\/v2\/posts"}],"about":[{"href":"https:\/\/www.radioluna.it\/news\/wp-json\/wp\/v2\/types\/post"}],"author":[{"embeddable":true,"href":"https:\/\/www.radioluna.it\/news\/wp-json\/wp\/v2\/users\/62"}],"replies":[{"embeddable":true,"href":"https:\/\/www.radioluna.it\/news\/wp-json\/wp\/v2\/comments?post=231681"}],"version-history":[{"count":0,"href":"https:\/\/www.radioluna.it\/news\/wp-json\/wp\/v2\/posts\/231681\/revisions"}],"wp:featuredmedia":[{"embeddable":true,"href":"https:\/\/www.radioluna.it\/news\/wp-json\/wp\/v2\/media\/99482"}],"wp:attachment":[{"href":"https:\/\/www.radioluna.it\/news\/wp-json\/wp\/v2\/media?parent=231681"}],"wp:term":[{"taxonomy":"category","embeddable":true,"href":"https:\/\/www.radioluna.it\/news\/wp-json\/wp\/v2\/categories?post=231681"},{"taxonomy":"post_tag","embeddable":true,"href":"https:\/\/www.radioluna.it\/news\/wp-json\/wp\/v2\/tags?post=231681"}],"curies":[{"name":"wp","href":"https:\/\/api.w.org\/{rel}","templated":true}]}}