{"id":231691,"date":"2018-10-08T09:29:41","date_gmt":"2018-10-08T07:29:41","guid":{"rendered":"https:\/\/www.radioluna.it\/news\/?p=231691"},"modified":"2018-10-08T09:29:41","modified_gmt":"2018-10-08T07:29:41","slug":"il-latina-si-sblocca-e-vince-2-0-sul-monterosi","status":"publish","type":"post","link":"https:\/\/www.radioluna.it\/news\/2018\/10\/il-latina-si-sblocca-e-vince-2-0-sul-monterosi\/","title":{"rendered":"Il Latina si sblocca e vince 2-0 sul Monterosi"},"content":{"rendered":"<div id=\"fb-root\"><\/div>\n<p><!-- Embedded with Magic Embeds - https:\/\/magicembeds.com --><\/p>\n<div class=\"wef-measure\" style=\"max-width: 1000px;\"><\/div>\n<div class=\"fb-video\" data-href=\"https:\/\/www.facebook.com\/LatinaCalcio1932official\/videos\/1543081275838677\/\" data-allowfullscreen=\"false\" data-autoplay=\"false\" data-width=\"1000\" data-show-text=\"false\" data-show-captions=\"true\"><\/div>\n<p style=\"text-align: justify;\"><strong>LATINA<\/strong> &#8211; &#8220;E&#8217; tutta questione di testa, non \u00e8 il modulo, \u00e8 l&#8217;atteggiamento nel modulo che conta. E&#8217; la forza d&#8217;animo, \u00e8 la volont\u00e0&#8221;. Mister Carmine Parlato commenta cos\u00ec la vittoria 2-0 del suo Latina Calcio 1932 contro il Monterosi, rispondendo a chi gli chiedeva del cambio di tattica a venti minuti dalla partenza del match. Complimenti ai giocatori che ci hanno creduto soprattutto nel secondo tempo, quando si sono completamente sbloccati dopo il goal di Casimirri segnato al 45&#8242;, allo scadere della prima frazione di gioco. E&#8217; stato poi Cittadino al 17&#8242; del secondo tempo a consolidare il risultato dei nerazzurri che hanno dominato. Concordi i giornalisti sportivi: \u00e8 il miglior Latina visto fino ad oggi. Peccato solo per l&#8217;infortunio capitato a de Martino colpito all&#8217;interno del ginocchio che si \u00e8 gonfiato, oggi se ne sapr\u00e0 qualcosa in pi\u00f9.<\/p>\n<p style=\"text-align: justify;\"><strong>LA CLASSIFICA<\/strong> &#8211; Il Latina Calcio 1932 riprende fiato, risale in classifica e ora \u00e8 ottavo a 8 punti a pari merito con Sassari, Albalonga e Atletico, a cinque punti di distacco dalla capolista Avellino e a tre dalla seconda classificata Lanusei.<\/p>\n<p style=\"text-align: justify;\"><strong>APRILIA<\/strong> &#8211; Un punto in pi\u00f9 per il Racing Aprilia, che chiude sullo 0-0 contro la Lupa, conquistando il primo punto in trasferta. Sette per la squadra di Mauro Venturi i punti in classifica.<\/p>\n<p>&nbsp;<\/p>\n<p>&nbsp;<\/p>\n","protected":false},"excerpt":{"rendered":"<p>LATINA &#8211; &#8220;E&#8217; tutta questione di testa, non \u00e8 il modulo, \u00e8 l&#8217;atteggiamento nel modulo che conta. E&#8217; la forza d&#8217;animo, \u00e8 la volont\u00e0&#8221;. Mister Carmine Parlato commenta cos\u00ec la vittoria 2-0 del suo Latina Calcio 1932 contro il Monterosi, rispondendo a chi gli chiedeva del cambio di tattica a venti minuti dalla partenza del [&hellip;]<\/p>\n","protected":false},"author":5430,"featured_media":231694,"comment_status":"open","ping_status":"open","sticky":false,"template":"","format":"video","meta":{"footnotes":""},"categories":[17],"tags":[],"class_list":["post-231691","post","type-post","status-publish","format-video","has-post-thumbnail","hentry","category-sport","post_format-post-format-video"],"_links":{"self":[{"href":"https:\/\/www.radioluna.it\/news\/wp-json\/wp\/v2\/posts\/231691","targetHints":{"allow":["GET"]}}],"collection":[{"href":"https:\/\/www.radioluna.it\/news\/wp-json\/wp\/v2\/posts"}],"about":[{"href":"https:\/\/www.radioluna.it\/news\/wp-json\/wp\/v2\/types\/post"}],"author":[{"embeddable":true,"href":"https:\/\/www.radioluna.it\/news\/wp-json\/wp\/v2\/users\/5430"}],"replies":[{"embeddable":true,"href":"https:\/\/www.radioluna.it\/news\/wp-json\/wp\/v2\/comments?post=231691"}],"version-history":[{"count":0,"href":"https:\/\/www.radioluna.it\/news\/wp-json\/wp\/v2\/posts\/231691\/revisions"}],"wp:featuredmedia":[{"embeddable":true,"href":"https:\/\/www.radioluna.it\/news\/wp-json\/wp\/v2\/media\/231694"}],"wp:attachment":[{"href":"https:\/\/www.radioluna.it\/news\/wp-json\/wp\/v2\/media?parent=231691"}],"wp:term":[{"taxonomy":"category","embeddable":true,"href":"https:\/\/www.radioluna.it\/news\/wp-json\/wp\/v2\/categories?post=231691"},{"taxonomy":"post_tag","embeddable":true,"href":"https:\/\/www.radioluna.it\/news\/wp-json\/wp\/v2\/tags?post=231691"}],"curies":[{"name":"wp","href":"https:\/\/api.w.org\/{rel}","templated":true}]}}