{"id":231729,"date":"2018-10-08T16:37:06","date_gmt":"2018-10-08T14:37:06","guid":{"rendered":"https:\/\/www.radioluna.it\/news\/?p=231729"},"modified":"2018-10-08T16:37:06","modified_gmt":"2018-10-08T14:37:06","slug":"visite-guidate-alle-mostre-di-gelli-e-marchi-al-cambellotti","status":"publish","type":"post","link":"https:\/\/www.radioluna.it\/news\/2018\/10\/visite-guidate-alle-mostre-di-gelli-e-marchi-al-cambellotti\/","title":{"rendered":"Visite guidate alle mostre di Gelli e Marchi al Cambellotti"},"content":{"rendered":"<div id=\"fb-root\"><\/div>\n<p style=\"text-align: justify;\"><strong>LATINA &#8211;<\/strong>\u00a0Dopo l&#8217;inaugurazione della manifestazione &#8220;Latina ieri, oggi e domani: uno sguardo sulla citt\u00e0&#8221;, le mostre curate dall\u2019architetto Francesco Tetro, una di Lelio Gelli, dal titolo &#8220;Percorsi del Novecento: Ritrattista, ovvero l\u2019umanit\u00e0 della forma. Opere dal 1929 al 1960&#8221; e l\u2019altra di Virgilio Marchi, sempre all\u2019interno di Percorsi del Novecento, dal titolo &#8220;Futurista, classico, razionale&#8221;, verranno organizzate delle visite guidate delle due mostre.<\/p>\n<p style=\"text-align: justify;\">Ogni marted\u00ec e gioved\u00ec del mese di Ottobre dalle ore 16.30 alle ore 18.00, la Direzione del Museo Cambellotti organizzer\u00e0 incontri a cura del Direttore scientifico del Museo Cambellotti, l\u2019architetto Francesco Tetro, sul tema delle due rassegne.<\/p>\n<p style=\"text-align: justify;\">&#8220;La scelta di esporre i disegni di Virgilio Marchi &#8211; dichiara l\u2019architetto Tetro &#8211; \u00e8 importante per far vedere che ci sono anche altri architetti e professionisti, oltre Frezzotti, che hanno dato un contributo significativo all\u2019architettura degli anni \u201930 anche nel territorio pontino. Sul tema della produzione scultorea di Gelli \u00e8 stata scelta la linea intimista, per mettere in evidenza un altro aspetto della scultura nell\u2019arte degli anni \u201930, in contrapposizione con la linea monumentale della committenza pubblica&#8221;.<\/p>\n","protected":false},"excerpt":{"rendered":"<p>LATINA &#8211;\u00a0Dopo l&#8217;inaugurazione della manifestazione &#8220;Latina ieri, oggi e domani: uno sguardo sulla citt\u00e0&#8221;, le mostre curate dall\u2019architetto Francesco Tetro, una di Lelio Gelli, dal titolo &#8220;Percorsi del Novecento: Ritrattista, ovvero l\u2019umanit\u00e0 della forma. Opere dal 1929 al 1960&#8221; e l\u2019altra di Virgilio Marchi, sempre all\u2019interno di Percorsi del Novecento, dal titolo &#8220;Futurista, classico, razionale&#8221;, [&hellip;]<\/p>\n","protected":false},"author":60,"featured_media":0,"comment_status":"open","ping_status":"open","sticky":false,"template":"","format":"standard","meta":{"footnotes":""},"categories":[16],"tags":[],"class_list":["post-231729","post","type-post","status-publish","format-standard","hentry","category-appuntamenti"],"_links":{"self":[{"href":"https:\/\/www.radioluna.it\/news\/wp-json\/wp\/v2\/posts\/231729","targetHints":{"allow":["GET"]}}],"collection":[{"href":"https:\/\/www.radioluna.it\/news\/wp-json\/wp\/v2\/posts"}],"about":[{"href":"https:\/\/www.radioluna.it\/news\/wp-json\/wp\/v2\/types\/post"}],"author":[{"embeddable":true,"href":"https:\/\/www.radioluna.it\/news\/wp-json\/wp\/v2\/users\/60"}],"replies":[{"embeddable":true,"href":"https:\/\/www.radioluna.it\/news\/wp-json\/wp\/v2\/comments?post=231729"}],"version-history":[{"count":0,"href":"https:\/\/www.radioluna.it\/news\/wp-json\/wp\/v2\/posts\/231729\/revisions"}],"wp:attachment":[{"href":"https:\/\/www.radioluna.it\/news\/wp-json\/wp\/v2\/media?parent=231729"}],"wp:term":[{"taxonomy":"category","embeddable":true,"href":"https:\/\/www.radioluna.it\/news\/wp-json\/wp\/v2\/categories?post=231729"},{"taxonomy":"post_tag","embeddable":true,"href":"https:\/\/www.radioluna.it\/news\/wp-json\/wp\/v2\/tags?post=231729"}],"curies":[{"name":"wp","href":"https:\/\/api.w.org\/{rel}","templated":true}]}}