{"id":231803,"date":"2018-10-12T08:50:36","date_gmt":"2018-10-12T06:50:36","guid":{"rendered":"https:\/\/www.radioluna.it\/news\/?p=231803"},"modified":"2018-10-13T20:35:54","modified_gmt":"2018-10-13T18:35:54","slug":"giornate-fai-dautunno-apre-villa-domiziano-sul-lago-di-sabaudia","status":"publish","type":"post","link":"https:\/\/www.radioluna.it\/news\/2018\/10\/giornate-fai-dautunno-apre-villa-domiziano-sul-lago-di-sabaudia\/","title":{"rendered":"Giornate Fai d&#8217;Autunno, apre Villa Domiziano sul Lago di Sabaudia"},"content":{"rendered":"<div id=\"fb-root\"><\/div>\n<p style=\"text-align: justify;\"><strong>SABAUDIA<\/strong> &#8211; Durante le Giornate Fai d&#8217;Autunno, sabato 13 e domenica 14 ottobre, aprir\u00e0 al pubblico la Villa di Domiziano a Sabaudia, un\u2019area archeologica di grandissimo pregio che si trova sulle sponde del Lago di Paola all\u2019interno del Parco Nazionale del Circeo, ancora poco conosciuta al grande pubblico, perch\u00e9 raramente aperta e dove anche di recente sono stati compiuti studi. A<\/p>\n<p>A guidare la visita saranno gli apprendisti Ciceroni del Liceo Classico Dante Alighieri e del Liceo Artistico di Latina,\u00a0 dalle ore 10 alle ore 17 (partenza ultima visita ore 16), a fronte di un contributo volontario e facoltativo che andr\u00e0 a sostenere la campagna FAI \u201cRicordati di salvare l\u2019Italia\u201d, attiva fino al prossimo 31 ottobre.<\/p>\n<p style=\"text-align: justify;\"><strong>CHE COS&#8217;E&#8217; LA VILLA DI DOMIZIANO\u00a0<\/strong> &#8211; La peculiarit\u00e0 di Villa Domiziano \u00e8 rappresentata dall\u2019insieme delle opere idrauliche e dal sistema di cisterne di alimentazione &#8211; sottolineano in una nota dal Comune di Sabaudia &#8211;\u00a0 Due gli impianti termali venuti alla luce dagli scavi. Le fonti antiche attestano che Domiziano frequentasse poco la Villa sul Lago ma si contavano circa tremila persone tra ospiti e servit\u00f9. Le Giornate FAI di Autunno prevedono la visita degli impianti termali e l&amp;#39;apertura esclusiva della Cisterna delle Navi che prende il nome dai graffiti raffiguranti le navi, rinvenuti sulle pareti. Gli studiosi ritengono che dopo la morte di Domiziano, la villa ebbe altri proprietari. Uno di questi adib\u00ec la cisterna a prigione e sicuramente fu un carcerato a rappresentare sul muro le navi. L\u2019acqua giungeva alle cisterne attraverso l\u2019acquedotto fatto realizzare da Domiziano, si riversava nelle cisterne e poi tre condotte conducevano l\u2019acqua alla villa e all\u2019impianto termale.<\/p>\n<p style=\"text-align: justify;\">La scelta da parte della Delegazione FAI Gaeta Latina di questo sito archeologico \u2013 che rientra nei 660 luoghi prescelti \u2013 si inserisce nella campagna #salvalacqua che la Fondazione promuove per sensibilizzare i cittadini sul valore di questa risorsa preziosa ma sempre pi\u00f9 scarsa.<\/p>\n<p style=\"text-align: justify;\">Per l\u2019occasione la Soprintendenza Archeologia,\u00a0Belle Arti e Paesaggio\u00a0per le Province di Frosinone,\u00a0Latina\u00a0e\u00a0Rieti ha adeguato e reso accessibile anche a persone con disabilit\u00e0 la Cisterna delle Navi, che si aggiunge all\u2019area termale gi\u00e0 visitabile. Sabato 13 ottobre alle ore 11 \u00e8 prevista infatti una visita guidata per le associazioni di disabili del territorio, le quali potranno fruire, grazie al supporto e alla collaborazione della Propriet\u00e0 Scalfati, del servizio di battello cos\u00ec da raggiungere il sito archeologico via lago (appuntamento ore 10 alla Darsena).<br \/>\n\u201cVilla Domiziano \u00e8 uno dei siti archeologici pi\u00f9 belli e interessanti del patrimonio della nostra provincia e merita di essere conosciuto e valorizzato, perch\u00e9 \u00e8 un\u2019importante testimonianza di quanto il territorio fosse gi\u00e0 dall\u2019antichit\u00e0 terra di accoglienza, meta prescelta per l\u2019otium di imperatori e patrizi\u201d, commenta il consigliere delegato Francesca<br \/>\nAvagliano. \u201cLa due giorni del FAI mostra ancora una volta le potenzialit\u00e0 della citt\u00e0 di Sabaudia e l\u2019importanza del territorio per l\u2019Impero romano \u2013 prosegue Anna Scalfati della Propriet\u00e0 Scalfati \u2013 In particolare il lago di Paola custodisce molteplici testimonianze dell\u2019epoca, portando in luce il ruolo cruciale del bacino lacustre. Iniziative come queste, dunque, sono fondamentali per tenere alta l\u2019attenzione su luoghi, come il lago stesso, che meritano tutela e sinergie che possano sempre pi\u00f9 valorizzarlo e proteggerlo quale patrimonio indiscusso della citt\u00e0\u201d.<\/p>\n<p>Info: appuntamento in Strada Palazzo, 12\u00a0 a Sabaudia<\/p>\n<p>ORARIO 10,00 &#8211; 17,00 (Partenza ultima visita ore 16,00)<\/p>\n<p>Info e prenotazioni; 3476527416 &#8211; 3273230611<\/p>\n<div class=\"radio-posizionamento-telefono-in-articoli-dopo-il-contenuto-articolo radio-entity-placement\" id=\"radio-210583477\"><div id=\"radio-3570777645\"><a href=\"https:\/\/grupporedi.it\/\" aria-label=\"Redi-Qr\"><img loading=\"lazy\" decoding=\"async\" src=\"https:\/\/www.radioluna.it\/news\/wp-content\/uploads\/2026\/03\/Redi-Qr.jpg\" alt=\"\"  srcset=\"https:\/\/www.radioluna.it\/news\/wp-content\/uploads\/2026\/03\/Redi-Qr.jpg 800w, https:\/\/www.radioluna.it\/news\/wp-content\/uploads\/2026\/03\/Redi-Qr-768x639.jpg 768w\" sizes=\"(max-width: 800px) 100vw, 800px\" width=\"300\" height=\"250\"   \/><\/a><\/div><\/div>","protected":false},"excerpt":{"rendered":"<p>SABAUDIA &#8211; Durante le Giornate Fai d&#8217;Autunno, sabato 13 e domenica 14 ottobre, aprir\u00e0 al pubblico la Villa di Domiziano a Sabaudia, un\u2019area archeologica di grandissimo pregio che si trova sulle sponde del Lago di Paola all\u2019interno del Parco Nazionale del Circeo, ancora poco conosciuta al grande pubblico, perch\u00e9 raramente aperta e dove anche di [&hellip;]<\/p>\n","protected":false},"author":62,"featured_media":31687,"comment_status":"open","ping_status":"open","sticky":false,"template":"","format":"standard","meta":{"footnotes":""},"categories":[16],"tags":[],"class_list":["post-231803","post","type-post","status-publish","format-standard","has-post-thumbnail","hentry","category-appuntamenti"],"_links":{"self":[{"href":"https:\/\/www.radioluna.it\/news\/wp-json\/wp\/v2\/posts\/231803","targetHints":{"allow":["GET"]}}],"collection":[{"href":"https:\/\/www.radioluna.it\/news\/wp-json\/wp\/v2\/posts"}],"about":[{"href":"https:\/\/www.radioluna.it\/news\/wp-json\/wp\/v2\/types\/post"}],"author":[{"embeddable":true,"href":"https:\/\/www.radioluna.it\/news\/wp-json\/wp\/v2\/users\/62"}],"replies":[{"embeddable":true,"href":"https:\/\/www.radioluna.it\/news\/wp-json\/wp\/v2\/comments?post=231803"}],"version-history":[{"count":0,"href":"https:\/\/www.radioluna.it\/news\/wp-json\/wp\/v2\/posts\/231803\/revisions"}],"wp:featuredmedia":[{"embeddable":true,"href":"https:\/\/www.radioluna.it\/news\/wp-json\/wp\/v2\/media\/31687"}],"wp:attachment":[{"href":"https:\/\/www.radioluna.it\/news\/wp-json\/wp\/v2\/media?parent=231803"}],"wp:term":[{"taxonomy":"category","embeddable":true,"href":"https:\/\/www.radioluna.it\/news\/wp-json\/wp\/v2\/categories?post=231803"},{"taxonomy":"post_tag","embeddable":true,"href":"https:\/\/www.radioluna.it\/news\/wp-json\/wp\/v2\/tags?post=231803"}],"curies":[{"name":"wp","href":"https:\/\/api.w.org\/{rel}","templated":true}]}}