{"id":231811,"date":"2018-10-09T17:10:56","date_gmt":"2018-10-09T15:10:56","guid":{"rendered":"https:\/\/www.radioluna.it\/news\/?p=231811"},"modified":"2018-10-12T08:20:00","modified_gmt":"2018-10-12T06:20:00","slug":"obesity-day-postazione-medica-in-piazza-del-popolo","status":"publish","type":"post","link":"https:\/\/www.radioluna.it\/news\/2018\/10\/obesity-day-postazione-medica-in-piazza-del-popolo\/","title":{"rendered":"Obesity Day, postazione medica in Piazza del Popolo"},"content":{"rendered":"<div id=\"fb-root\"><\/div>\n<p style=\"text-align: justify;\"><strong>LATINA<\/strong> &#8211;\u00a0Anche a Latina si terr\u00e0 domani mercoled\u00ec 10 ottobre l\u2019Obesity Day. In Piazza del Popolo (angolo Via Diaz) dalle 9.30 alle 12 e dalle 15 alle 17 ci sar\u00e0 una postazione in cui medici e infermieri saranno a disposizione gratuitamente per il controllo di glicemia, pressione arteriosa e peso corporeo. Chi parteciper\u00e0 ricever\u00e0 inoltre consigli e materiale informativo su alimentazione e attivit\u00e0 fisica e sulla prevenzione delle malattie cardiovascolari. Quest\u2019anno il focus \u00e8 incentrato su dieta mediterranea regionale, alimentazione e benessere.<\/p>\n<p style=\"text-align: justify;\">La campagna Obesity Day nasce per affrontare lo stigma sull\u2019obesit\u00e0 e migliorare la qualit\u00e0 di vita delle persone &#8211; spiegano i promotori &#8211;\u00a0In Italia \u00e8 sovrappeso oltre 1 persona su 3 (36%, con preponderanza maschile: 45,5% rispetto al 26,8% nelle donne), obesa 1 su 10 (10%), diabetica pi\u00f9 di 1 su 20 (5,5%) e oltre il 66,4% delle persone con diabete di tipo 2 \u00e8 anche sovrappeso o obeso. L\u2019obesit\u00e0 \u00e8 una patologia epidemica e gli interventi di prevenzione, fino a ora, si sono dimostrati inefficaci perch\u00e9 basati sul paradigma della responsabilit\u00e0 personale. In questa ottica il soggetto ingrassa perch\u00e9 non rispetta le regole &#8211; concludono dal network &#8211; . Al contrario gli esperti sono concordi sul fatto che l\u2019obesit\u00e0 \u00e8 una condizione complessa che deriva dall\u2019interazione di fattori genetici, psicologici e ambientali e quindi \u00e8 una malattia che va affrontata in maniera integrata.<\/p>\n<p style=\"text-align: justify;\">La campagna \u00e8 organizzata dall\u2019Io.net, Italian obesity network e dalla Fondazione Adi, Associazione italiana di dietetica e nutrizione clinica, in collaborazione con il Comune di Latina, la Asl di Latina, l\u2019Ordine dei medici. l\u2019Opi (collegio degli infermieri), la Rete dei Comuni Citt\u00e0 sane e la Lilt.<\/p>\n","protected":false},"excerpt":{"rendered":"<p>LATINA &#8211;\u00a0Anche a Latina si terr\u00e0 domani mercoled\u00ec 10 ottobre l\u2019Obesity Day. In Piazza del Popolo (angolo Via Diaz) dalle 9.30 alle 12 e dalle 15 alle 17 ci sar\u00e0 una postazione in cui medici e infermieri saranno a disposizione gratuitamente per il controllo di glicemia, pressione arteriosa e peso corporeo. Chi parteciper\u00e0 ricever\u00e0 inoltre [&hellip;]<\/p>\n","protected":false},"author":60,"featured_media":231812,"comment_status":"open","ping_status":"open","sticky":false,"template":"","format":"standard","meta":{"footnotes":""},"categories":[16],"tags":[],"class_list":["post-231811","post","type-post","status-publish","format-standard","has-post-thumbnail","hentry","category-appuntamenti"],"_links":{"self":[{"href":"https:\/\/www.radioluna.it\/news\/wp-json\/wp\/v2\/posts\/231811","targetHints":{"allow":["GET"]}}],"collection":[{"href":"https:\/\/www.radioluna.it\/news\/wp-json\/wp\/v2\/posts"}],"about":[{"href":"https:\/\/www.radioluna.it\/news\/wp-json\/wp\/v2\/types\/post"}],"author":[{"embeddable":true,"href":"https:\/\/www.radioluna.it\/news\/wp-json\/wp\/v2\/users\/60"}],"replies":[{"embeddable":true,"href":"https:\/\/www.radioluna.it\/news\/wp-json\/wp\/v2\/comments?post=231811"}],"version-history":[{"count":0,"href":"https:\/\/www.radioluna.it\/news\/wp-json\/wp\/v2\/posts\/231811\/revisions"}],"wp:featuredmedia":[{"embeddable":true,"href":"https:\/\/www.radioluna.it\/news\/wp-json\/wp\/v2\/media\/231812"}],"wp:attachment":[{"href":"https:\/\/www.radioluna.it\/news\/wp-json\/wp\/v2\/media?parent=231811"}],"wp:term":[{"taxonomy":"category","embeddable":true,"href":"https:\/\/www.radioluna.it\/news\/wp-json\/wp\/v2\/categories?post=231811"},{"taxonomy":"post_tag","embeddable":true,"href":"https:\/\/www.radioluna.it\/news\/wp-json\/wp\/v2\/tags?post=231811"}],"curies":[{"name":"wp","href":"https:\/\/api.w.org\/{rel}","templated":true}]}}