{"id":231878,"date":"2018-10-10T13:24:45","date_gmt":"2018-10-10T11:24:45","guid":{"rendered":"https:\/\/www.radioluna.it\/news\/?p=231878"},"modified":"2018-10-10T13:24:45","modified_gmt":"2018-10-10T11:24:45","slug":"canti-della-montagna-a-latina-e-sabaudia","status":"publish","type":"post","link":"https:\/\/www.radioluna.it\/news\/2018\/10\/canti-della-montagna-a-latina-e-sabaudia\/","title":{"rendered":"Canti della Montagna a Latina e Sabaudia"},"content":{"rendered":"<div id=\"fb-root\"><\/div>\n<p style=\"text-align: justify;\"><strong>LATINA<\/strong> &#8211;\u00a0Sabato 13 ottobre\u00a0alle\u00a0ore 20.30 al Teatro Moderno di Latina si terr\u00e0 la\u00a0XXII edizione\u00a0della\u00a0Rassegna Internazionale \u201cCanti della Montagna\u201d curata dal\u00a0Coro ANA Latina\u00a0e dalla\u00a0sezione Alpini di Latina. Presenta la giornalista\u00a0Dina Tomezzoli. Quest\u2019anno l\u2019evento vedr\u00e0 sul palco, oltre al\u00a0Coro ANA Latina\u00a0diretto dal\u00a0Maestro Roberto Stivali, il\u00a0Coro Cantering di\u00a0Roma\u00a0diretto dal\u00a0Maestro Dodo Versino\u00a0ed il\u00a0Coro Ecclesiastico &#8220;Santa Caterina&#8221;, proveniente dalla Slovenia, diretto dal\u00a0Maestro Jo\u017ee Ti\u0161ler.<\/p>\n<p style=\"text-align: justify;\">Il calendario prevede un primo concerto venerd\u00ec 12 ottobre\u00a0alle\u00a0ore 20.30\u00a0nel salone\u00a0San Francesco della\u00a0Chiesa della Santissima Annunziata\u00a0di\u00a0Sabaudia con l\u2019esibizione del\u00a0Coro ANA Latina\u00a0e del\u00a0Coro Ecclesiastico \u201cSanta Caterina\u201d\u00a0proveniente dalla Slovenia. Due le performance in programma\u00a0sabato 13\u00a0ottobre,\u00a0prima i cori animeranno la Messa\u00a0delle 18 nella Cattedrale San Marco, poi alle\u00a020.30 gli alpini terranno il concerto al\u00a0Teatro Moderno.<\/p>\n<p style=\"text-align: justify;\">CANTI E BALLATE &#8211; Ad aprire il concerto, il coro ospitante, reduce dalle celebrazioni per i\u00a0venticinque anni\u00a0di\u00a0attivit\u00e0, proporr\u00e0 cinque brani fra i pi\u00f9 esclusivi del proprio repertorio. Celebra quest\u2019anno ben\u00a099 anni\u00a0di\u00a0attivit\u00e0\u00a0il\u00a0Coro Ecclesiastico \u201cSanta Caterina\u201d\u00a0proveniente dalla\u00a0Slovenia. La loro esibizione \u00e8 divisa in due parti, la prima dedicata ai canti popolari e alle ballate della Slovenia, l\u2019altra ad un repertorio sacro. I cantori del\u00a0Coro Cantering di Roma\u00a0proporranno invece un variegato repertorio che spazia dalle canzoni del folklore e della tradizione italiana ed estera, al pop, passando per il gospel e le canzoni d&#8217;autore di ogni epoca e nazionalit\u00e0. Il\u00a0Coro Cantering\u00a0conta tra le sue fila oltre 30 elementi, tutti giovanissimi. Come sempre, la rassegna \u201cCanti della Montagna\u201d, devolve in beneficenza l\u2019incasso della serata al progetto \u201cPolio plus\u201d, nato per debellare la poliomielite nel mondo della quale \u00e8 garante il\u00a0Rotary Club\u00a0di\u00a0Latina.<\/p>\n<div class=\"radio-posizionamento-telefono-in-articoli-dopo-il-contenuto-articolo radio-entity-placement\" id=\"radio-4079263559\"><div id=\"radio-69559639\"><a href=\"https:\/\/grupporedi.it\/\" aria-label=\"Redi-Qr\"><img loading=\"lazy\" decoding=\"async\" src=\"https:\/\/www.radioluna.it\/news\/wp-content\/uploads\/2026\/03\/Redi-Qr.jpg\" alt=\"\"  srcset=\"https:\/\/www.radioluna.it\/news\/wp-content\/uploads\/2026\/03\/Redi-Qr.jpg 800w, https:\/\/www.radioluna.it\/news\/wp-content\/uploads\/2026\/03\/Redi-Qr-768x639.jpg 768w\" sizes=\"(max-width: 800px) 100vw, 800px\" width=\"300\" height=\"250\"   \/><\/a><\/div><\/div>","protected":false},"excerpt":{"rendered":"<p>LATINA &#8211;\u00a0Sabato 13 ottobre\u00a0alle\u00a0ore 20.30 al Teatro Moderno di Latina si terr\u00e0 la\u00a0XXII edizione\u00a0della\u00a0Rassegna Internazionale \u201cCanti della Montagna\u201d curata dal\u00a0Coro ANA Latina\u00a0e dalla\u00a0sezione Alpini di Latina. Presenta la giornalista\u00a0Dina Tomezzoli. Quest\u2019anno l\u2019evento vedr\u00e0 sul palco, oltre al\u00a0Coro ANA Latina\u00a0diretto dal\u00a0Maestro Roberto Stivali, il\u00a0Coro Cantering di\u00a0Roma\u00a0diretto dal\u00a0Maestro Dodo Versino\u00a0ed il\u00a0Coro Ecclesiastico &#8220;Santa Caterina&#8221;, proveniente dalla Slovenia, [&hellip;]<\/p>\n","protected":false},"author":60,"featured_media":231879,"comment_status":"open","ping_status":"open","sticky":false,"template":"","format":"standard","meta":{"footnotes":""},"categories":[16],"tags":[],"class_list":["post-231878","post","type-post","status-publish","format-standard","has-post-thumbnail","hentry","category-appuntamenti"],"_links":{"self":[{"href":"https:\/\/www.radioluna.it\/news\/wp-json\/wp\/v2\/posts\/231878","targetHints":{"allow":["GET"]}}],"collection":[{"href":"https:\/\/www.radioluna.it\/news\/wp-json\/wp\/v2\/posts"}],"about":[{"href":"https:\/\/www.radioluna.it\/news\/wp-json\/wp\/v2\/types\/post"}],"author":[{"embeddable":true,"href":"https:\/\/www.radioluna.it\/news\/wp-json\/wp\/v2\/users\/60"}],"replies":[{"embeddable":true,"href":"https:\/\/www.radioluna.it\/news\/wp-json\/wp\/v2\/comments?post=231878"}],"version-history":[{"count":0,"href":"https:\/\/www.radioluna.it\/news\/wp-json\/wp\/v2\/posts\/231878\/revisions"}],"wp:featuredmedia":[{"embeddable":true,"href":"https:\/\/www.radioluna.it\/news\/wp-json\/wp\/v2\/media\/231879"}],"wp:attachment":[{"href":"https:\/\/www.radioluna.it\/news\/wp-json\/wp\/v2\/media?parent=231878"}],"wp:term":[{"taxonomy":"category","embeddable":true,"href":"https:\/\/www.radioluna.it\/news\/wp-json\/wp\/v2\/categories?post=231878"},{"taxonomy":"post_tag","embeddable":true,"href":"https:\/\/www.radioluna.it\/news\/wp-json\/wp\/v2\/tags?post=231878"}],"curies":[{"name":"wp","href":"https:\/\/api.w.org\/{rel}","templated":true}]}}