{"id":231953,"date":"2018-10-11T17:31:27","date_gmt":"2018-10-11T15:31:27","guid":{"rendered":"https:\/\/www.radioluna.it\/news\/?p=231953"},"modified":"2018-10-11T20:16:33","modified_gmt":"2018-10-11T18:16:33","slug":"la-lega-raddoppia-in-consiglio-comunale-a-latina-entra-carnevale","status":"publish","type":"post","link":"https:\/\/www.radioluna.it\/news\/2018\/10\/la-lega-raddoppia-in-consiglio-comunale-a-latina-entra-carnevale\/","title":{"rendered":"La Lega raddoppia in consiglio comunale a Latina: passa Carnevale"},"content":{"rendered":"<div id=\"fb-root\"><\/div>\n<p style=\"text-align: justify;\"><strong>LATINA<\/strong> &#8211; La Lega raddoppia in consiglio comunale a Latina e dalla prossima seduta,\u00a0 accanto a Matteo Adinolfi sieder\u00e0 Massimiliano Carnevale entrato in assise in quota al Pd e da gennaio passato al Gruppo misto. La notizia che circolava gi\u00e0 da diverso tempo, dopo l&#8217;exploit del partito di Salvini anche in provincia di Latina, ed \u00e8 stata resa ufficiale oggi con una nota dello stesso Carnevale. Se ne parler\u00e0 in una conferenza stampa in programma sabato al Foro Appio Mansio Hotel.<\/p>\n","protected":false},"excerpt":{"rendered":"<p>LATINA &#8211; La Lega raddoppia in consiglio comunale a Latina e dalla prossima seduta,\u00a0 accanto a Matteo Adinolfi sieder\u00e0 Massimiliano Carnevale entrato in assise in quota al Pd e da gennaio passato al Gruppo misto. La notizia che circolava gi\u00e0 da diverso tempo, dopo l&#8217;exploit del partito di Salvini anche in provincia di Latina, ed [&hellip;]<\/p>\n","protected":false},"author":62,"featured_media":231956,"comment_status":"open","ping_status":"open","sticky":false,"template":"","format":"standard","meta":{"footnotes":""},"categories":[8],"tags":[],"class_list":["post-231953","post","type-post","status-publish","format-standard","has-post-thumbnail","hentry","category-politica"],"_links":{"self":[{"href":"https:\/\/www.radioluna.it\/news\/wp-json\/wp\/v2\/posts\/231953","targetHints":{"allow":["GET"]}}],"collection":[{"href":"https:\/\/www.radioluna.it\/news\/wp-json\/wp\/v2\/posts"}],"about":[{"href":"https:\/\/www.radioluna.it\/news\/wp-json\/wp\/v2\/types\/post"}],"author":[{"embeddable":true,"href":"https:\/\/www.radioluna.it\/news\/wp-json\/wp\/v2\/users\/62"}],"replies":[{"embeddable":true,"href":"https:\/\/www.radioluna.it\/news\/wp-json\/wp\/v2\/comments?post=231953"}],"version-history":[{"count":0,"href":"https:\/\/www.radioluna.it\/news\/wp-json\/wp\/v2\/posts\/231953\/revisions"}],"wp:featuredmedia":[{"embeddable":true,"href":"https:\/\/www.radioluna.it\/news\/wp-json\/wp\/v2\/media\/231956"}],"wp:attachment":[{"href":"https:\/\/www.radioluna.it\/news\/wp-json\/wp\/v2\/media?parent=231953"}],"wp:term":[{"taxonomy":"category","embeddable":true,"href":"https:\/\/www.radioluna.it\/news\/wp-json\/wp\/v2\/categories?post=231953"},{"taxonomy":"post_tag","embeddable":true,"href":"https:\/\/www.radioluna.it\/news\/wp-json\/wp\/v2\/tags?post=231953"}],"curies":[{"name":"wp","href":"https:\/\/api.w.org\/{rel}","templated":true}]}}