{"id":231958,"date":"2018-10-11T18:10:21","date_gmt":"2018-10-11T16:10:21","guid":{"rendered":"https:\/\/www.radioluna.it\/news\/?p=231958"},"modified":"2018-10-11T18:10:55","modified_gmt":"2018-10-11T16:10:55","slug":"doppia-visita-speciale-larte-si-scopre-con-il-tatto","status":"publish","type":"post","link":"https:\/\/www.radioluna.it\/news\/2018\/10\/doppia-visita-speciale-larte-si-scopre-con-il-tatto\/","title":{"rendered":"Latina, visita speciale al Museo: l&#8217;arte si scopre con il tatto"},"content":{"rendered":"<div id=\"fb-root\"><\/div>\n<p style=\"text-align: justify;\"><strong>LATINA<\/strong> &#8211; Doppia visita speciale domani, al Museo Cambellotti e alla Pinacoteca Galleria Civica di Latina. E&#8217; un altro degli appuntamenti di 7 giorni accessibili e vedr\u00e0\u00a0la dottoressa Francesca Fiorucci, storica dell\u2019arte e guida tattile per persone cieche e ipovedenti, fare da guida in una visita tattico-sensoriale illustrando le sculture esposte.<\/p>\n<p style=\"text-align: justify;\">La mattina, dalle 10 alle 13, la visita sar\u00e0 riservata agli Studenti del Liceo Artistico. Mentre nel pomeriggio la visita sar\u00e0 ripetuta, aperta al pubblico a partire dalle 15,30: &#8220;La visita\u00a0 &#8211; spiega Ida Ferrari del coordinamento Via Libera che organizza la manifestazione &#8211; inizier\u00e0 con una breve introduzione nella sala multimediale del museo Cambellotti, poi si avvier\u00e0 il percorso tattile con l&#8217;analisi di alcune sculture del museo, dopodich\u00e9 ci sposteremo in\u00a0 Pinacoteca, dove sempre sotto la guida della professoressa Fiorucci , continueremo la visita con altre opere&#8221;.<\/p>\n<p style=\"text-align: justify;\">Un&#8217;iniziativa che racconta bene il punto di vista di Via Libera: \u00abIntendiamo l\u2019accessibilit\u00e0 non quale mero superamento delle barriere architettoniche, ma come rimozione di tutti gli ostacoli culturali e socio-ambientali che limitano la reale inclusione di tutti, non solo delle persone fragili &#8211; dicono dal coordinamento Via Libera che promuove la manifestazione &#8211;\u00a0 Questo obiettivo \u00e8 strettamente connesso alla qualit\u00e0 della vita, al diritto al lavoro, alle relazioni sociali, alla salute, all\u2019istruzione, per la sua realizzazione riteniamo sia indispensabile operare in rete con le altre realt\u00e0 del territorio, associazioni, ordini professionali e categorie, enti, scuole di ogni ordine e grado e, non ultimi, singoli\/e cittadini\/e\u00bb.<\/p>\n<div class=\"radio-posizionamento-telefono-in-articoli-dopo-il-contenuto-articolo radio-entity-placement\" id=\"radio-3509949885\"><div id=\"radio-1355671831\"><a href=\"https:\/\/grupporedi.it\/\" aria-label=\"Redi-Qr\"><img loading=\"lazy\" decoding=\"async\" src=\"https:\/\/www.radioluna.it\/news\/wp-content\/uploads\/2026\/03\/Redi-Qr.jpg\" alt=\"\"  srcset=\"https:\/\/www.radioluna.it\/news\/wp-content\/uploads\/2026\/03\/Redi-Qr.jpg 800w, https:\/\/www.radioluna.it\/news\/wp-content\/uploads\/2026\/03\/Redi-Qr-768x639.jpg 768w\" sizes=\"(max-width: 800px) 100vw, 800px\" width=\"300\" height=\"250\"   \/><\/a><\/div><\/div>","protected":false},"excerpt":{"rendered":"<p>LATINA &#8211; Doppia visita speciale domani, al Museo Cambellotti e alla Pinacoteca Galleria Civica di Latina. E&#8217; un altro degli appuntamenti di 7 giorni accessibili e vedr\u00e0\u00a0la dottoressa Francesca Fiorucci, storica dell\u2019arte e guida tattile per persone cieche e ipovedenti, fare da guida in una visita tattico-sensoriale illustrando le sculture esposte. La mattina, dalle 10 [&hellip;]<\/p>\n","protected":false},"author":62,"featured_media":26281,"comment_status":"open","ping_status":"open","sticky":false,"template":"","format":"standard","meta":{"footnotes":""},"categories":[16],"tags":[],"class_list":["post-231958","post","type-post","status-publish","format-standard","has-post-thumbnail","hentry","category-appuntamenti"],"_links":{"self":[{"href":"https:\/\/www.radioluna.it\/news\/wp-json\/wp\/v2\/posts\/231958","targetHints":{"allow":["GET"]}}],"collection":[{"href":"https:\/\/www.radioluna.it\/news\/wp-json\/wp\/v2\/posts"}],"about":[{"href":"https:\/\/www.radioluna.it\/news\/wp-json\/wp\/v2\/types\/post"}],"author":[{"embeddable":true,"href":"https:\/\/www.radioluna.it\/news\/wp-json\/wp\/v2\/users\/62"}],"replies":[{"embeddable":true,"href":"https:\/\/www.radioluna.it\/news\/wp-json\/wp\/v2\/comments?post=231958"}],"version-history":[{"count":0,"href":"https:\/\/www.radioluna.it\/news\/wp-json\/wp\/v2\/posts\/231958\/revisions"}],"wp:featuredmedia":[{"embeddable":true,"href":"https:\/\/www.radioluna.it\/news\/wp-json\/wp\/v2\/media\/26281"}],"wp:attachment":[{"href":"https:\/\/www.radioluna.it\/news\/wp-json\/wp\/v2\/media?parent=231958"}],"wp:term":[{"taxonomy":"category","embeddable":true,"href":"https:\/\/www.radioluna.it\/news\/wp-json\/wp\/v2\/categories?post=231958"},{"taxonomy":"post_tag","embeddable":true,"href":"https:\/\/www.radioluna.it\/news\/wp-json\/wp\/v2\/tags?post=231958"}],"curies":[{"name":"wp","href":"https:\/\/api.w.org\/{rel}","templated":true}]}}