{"id":232046,"date":"2018-10-12T18:40:45","date_gmt":"2018-10-12T16:40:45","guid":{"rendered":"https:\/\/www.radioluna.it\/news\/?p=232046"},"modified":"2018-10-12T18:41:06","modified_gmt":"2018-10-12T16:41:06","slug":"la-prima-partita-in-casa-della-top-volley-si-giochera-al-palabarbuto-di-napoli","status":"publish","type":"post","link":"https:\/\/www.radioluna.it\/news\/2018\/10\/la-prima-partita-in-casa-della-top-volley-si-giochera-al-palabarbuto-di-napoli\/","title":{"rendered":"La prima partita in casa della Top Volley si giocher\u00e0 al PalaBarbuto di Napoli"},"content":{"rendered":"<div id=\"fb-root\"><\/div>\n<p style=\"text-align: justify;\">LATINA &#8211; La Top Volley Latina giocher\u00e0 la prima partita in casa al PalaBarbuto di Napoli. Vista l\u2019indisponibilit\u00e0 del PalaBianchini di Latina la societ\u00e0 pontina ha scelto di virare sull\u2019impianto del capoluogo campano che risponde ai requisiti della Lega Pallavolo serie A e che quindi sar\u00e0 la prestigiosa cornice della sfida del 21 ottobre tra la Top Volley Latina e il Vero Volley Monza. L\u2019impianto, situato in viale Giochi del Mediterraneo a Napoli, \u00e8 posizionato nella zona di Fuorigrotta. \u201cAbbiamo accettato l\u2019invito di Ernesto Boccia, presidente del Comitato Regionale Fipav Campania, che ringraziamo anche grazie al supporto del vice presidente Sergio Di Meo e abbiamo scelto la location pi\u00f9 prestigiosa possibile visto che giocheremo all\u2019ombra del Vesuvio in una struttura adatta alla Superlega e in una zona dove l\u2019amore per la grande pallavolo \u00e8 sempre pi\u00f9 forte &#8211; spiega Candido Grande, direttore sportivo &#8211; la partita con Monza sar\u00e0 anche l\u2019occasione per creare un vero e proprio evento perch\u00e9, oltre al match di Superlega, ci saranno moltissime iniziative collaterali di promozione della pallavolo in un territorio dalla grande tradizione pallavolista ma che in questo momento non pu\u00f2 ancora viverla. Ringraziamo anche l\u2019assessore allo sport Ciro Borriello, Lucia Russo e tutto il resto dello staff. Ci saranno iniziative con il mini volley, il sitting volley e altre novit\u00e0 che stiamo gi\u00e0 formalizzando con il Comitato Regionale Fipav della Campania\u201d. Il PalaBarbuto, inaugurato nel 2003, attualmente ha una capienza di 4.000 posti e nel maggio del 2017 ha ospitato la Nazionale italiana maschile impegnata nella Vesuvio Cup, triangolare con Argentina e Giappone.<\/p>\n","protected":false},"excerpt":{"rendered":"<p>LATINA &#8211; La Top Volley Latina giocher\u00e0 la prima partita in casa al PalaBarbuto di Napoli. Vista l\u2019indisponibilit\u00e0 del PalaBianchini di Latina la societ\u00e0 pontina ha scelto di virare sull\u2019impianto del capoluogo campano che risponde ai requisiti della Lega Pallavolo serie A e che quindi sar\u00e0 la prestigiosa cornice della sfida del 21 ottobre tra [&hellip;]<\/p>\n","protected":false},"author":5430,"featured_media":0,"comment_status":"open","ping_status":"open","sticky":false,"template":"","format":"standard","meta":{"footnotes":""},"categories":[17],"tags":[],"class_list":["post-232046","post","type-post","status-publish","format-standard","hentry","category-sport"],"_links":{"self":[{"href":"https:\/\/www.radioluna.it\/news\/wp-json\/wp\/v2\/posts\/232046","targetHints":{"allow":["GET"]}}],"collection":[{"href":"https:\/\/www.radioluna.it\/news\/wp-json\/wp\/v2\/posts"}],"about":[{"href":"https:\/\/www.radioluna.it\/news\/wp-json\/wp\/v2\/types\/post"}],"author":[{"embeddable":true,"href":"https:\/\/www.radioluna.it\/news\/wp-json\/wp\/v2\/users\/5430"}],"replies":[{"embeddable":true,"href":"https:\/\/www.radioluna.it\/news\/wp-json\/wp\/v2\/comments?post=232046"}],"version-history":[{"count":0,"href":"https:\/\/www.radioluna.it\/news\/wp-json\/wp\/v2\/posts\/232046\/revisions"}],"wp:attachment":[{"href":"https:\/\/www.radioluna.it\/news\/wp-json\/wp\/v2\/media?parent=232046"}],"wp:term":[{"taxonomy":"category","embeddable":true,"href":"https:\/\/www.radioluna.it\/news\/wp-json\/wp\/v2\/categories?post=232046"},{"taxonomy":"post_tag","embeddable":true,"href":"https:\/\/www.radioluna.it\/news\/wp-json\/wp\/v2\/tags?post=232046"}],"curies":[{"name":"wp","href":"https:\/\/api.w.org\/{rel}","templated":true}]}}