{"id":232084,"date":"2018-10-13T08:27:14","date_gmt":"2018-10-13T06:27:14","guid":{"rendered":"https:\/\/www.radioluna.it\/news\/?p=232084"},"modified":"2018-10-13T08:27:14","modified_gmt":"2018-10-13T06:27:14","slug":"il-comune-di-san-felice-circeo-cerca-funzionario-contabile","status":"publish","type":"post","link":"https:\/\/www.radioluna.it\/news\/2018\/10\/il-comune-di-san-felice-circeo-cerca-funzionario-contabile\/","title":{"rendered":"Il Comune di San felice Circeo cerca funzionario contabile"},"content":{"rendered":"<div id=\"fb-root\"><\/div>\n<p style=\"text-align: justify;\"><strong>SAN FELICE CIRCEO<\/strong> &#8211;\u00a0 Il comune di San Felice Circeo ricerca un funzionario a cui attribuire la responsabilit\u00e0 del settore tecnico contabile. Proprio oggi \u00e8 stato pubblicato l\u2019avviso dopo che all\u2019interpello interno rivolto al personale gi\u00e0 inquadrato in categoria D non ha risposto nessuno. La professionalit\u00e0 verr\u00e0 ricercata fuori dall\u2019organico del comune e il contratto che verr\u00e0 stipulato ai sensi dell\u2019art. 110 sar\u00e0 a tempo pieno e determinato fino alla scadenza del mandato del sindaco prevista per giugno 2022. I concorrenti dovranno avere il titolo di studio corrispondente per l\u2019incarico da ricoprire: essere in possesso del Diploma di Laurea (DL vecchio Ordinamento universitario, o di 2\u00b0 livello LS nuovo ordinamento universitario) in Economia e Commercio o equipollenti, oltre ad avere un\u2019esperienza lavorativa maturata, non inferiore a 5 anni, all&#8217;interno di Uffici di Pubbliche Amministrazioni del comparto Enti Locali &#8211; Regioni con inquadramento nella categoria D.<\/p>\n<p style=\"text-align: justify;\">Maggiori informazioni, bando e facsimile della domanda di partecipazione potr\u00e0 essere reperita all\u2019indirizzo internet del comune di San Felice Circeo www.comune.sanfelicecirceo.lt.it. Scadenza delle domande ore 12,00 del 23.10.2018<\/p>\n","protected":false},"excerpt":{"rendered":"<p>SAN FELICE CIRCEO &#8211;\u00a0 Il comune di San Felice Circeo ricerca un funzionario a cui attribuire la responsabilit\u00e0 del settore tecnico contabile. Proprio oggi \u00e8 stato pubblicato l\u2019avviso dopo che all\u2019interpello interno rivolto al personale gi\u00e0 inquadrato in categoria D non ha risposto nessuno. La professionalit\u00e0 verr\u00e0 ricercata fuori dall\u2019organico del comune e il contratto [&hellip;]<\/p>\n","protected":false},"author":60,"featured_media":13026,"comment_status":"open","ping_status":"open","sticky":false,"template":"","format":"standard","meta":{"footnotes":""},"categories":[7],"tags":[],"class_list":["post-232084","post","type-post","status-publish","format-standard","has-post-thumbnail","hentry","category-cronaca"],"_links":{"self":[{"href":"https:\/\/www.radioluna.it\/news\/wp-json\/wp\/v2\/posts\/232084","targetHints":{"allow":["GET"]}}],"collection":[{"href":"https:\/\/www.radioluna.it\/news\/wp-json\/wp\/v2\/posts"}],"about":[{"href":"https:\/\/www.radioluna.it\/news\/wp-json\/wp\/v2\/types\/post"}],"author":[{"embeddable":true,"href":"https:\/\/www.radioluna.it\/news\/wp-json\/wp\/v2\/users\/60"}],"replies":[{"embeddable":true,"href":"https:\/\/www.radioluna.it\/news\/wp-json\/wp\/v2\/comments?post=232084"}],"version-history":[{"count":0,"href":"https:\/\/www.radioluna.it\/news\/wp-json\/wp\/v2\/posts\/232084\/revisions"}],"wp:featuredmedia":[{"embeddable":true,"href":"https:\/\/www.radioluna.it\/news\/wp-json\/wp\/v2\/media\/13026"}],"wp:attachment":[{"href":"https:\/\/www.radioluna.it\/news\/wp-json\/wp\/v2\/media?parent=232084"}],"wp:term":[{"taxonomy":"category","embeddable":true,"href":"https:\/\/www.radioluna.it\/news\/wp-json\/wp\/v2\/categories?post=232084"},{"taxonomy":"post_tag","embeddable":true,"href":"https:\/\/www.radioluna.it\/news\/wp-json\/wp\/v2\/tags?post=232084"}],"curies":[{"name":"wp","href":"https:\/\/api.w.org\/{rel}","templated":true}]}}