{"id":232301,"date":"2018-10-17T10:21:24","date_gmt":"2018-10-17T08:21:24","guid":{"rendered":"https:\/\/www.radioluna.it\/news\/?p=232301"},"modified":"2018-10-17T10:21:24","modified_gmt":"2018-10-17T08:21:24","slug":"ex-mercato-annonario-pannelli-agli-ingressi-in-attesa-della-ristrutturazione","status":"publish","type":"post","link":"https:\/\/www.radioluna.it\/news\/2018\/10\/ex-mercato-annonario-pannelli-agli-ingressi-in-attesa-della-ristrutturazione\/","title":{"rendered":"Ex mercato annonario, pannelli agli ingressi in attesa della ristrutturazione"},"content":{"rendered":"<div id=\"fb-root\"><\/div>\n<p style=\"text-align: justify;\"><strong>LATINA &#8211;<\/strong>\u00a0 \u00a0Dopo le pesanti critiche piovute sull&#8217;Amministrazione comunale di Latina per la perdurante situazione di degrado dell&#8217;ex Mercato Annonario di Latina le cui scale esterne sono divenute rifugio per alcuni clochard, non \u00e8 piaciuta nemmeno la proposta di pannellare gli ingressi in attesa del progetto di rilancio dell&#8217;immobile. Per questo dopo la commissione nel corso della quale \u00e8 stata presentata la soluzione, il capogruppo di Lbc, Dario Bellini, spiega: \u00abDa quando ci siamo insediati in consiglio comunale il mercato annonario di Via Don Morosini\u00a0 \u00e8 stato al centro di numerosi progetti che abbiamo vagliato perch\u00e9 strategicamente \u00e8 un luogo deputato alla crescita economica e culturale del centro storico e di tutta la citt\u00e0. Si pone anche un problema sociale, di sanit\u00e0, di sicurezza ed incolumit\u00e0 anche degli stessi senza fissa dimora che stazionano in quel luogo come i recenti fatti di cronaca dimostrano; alcuni giorni fa infatti, ignoti hanno lanciato alcuni fumogeni proprio in quegli spazi con un chiaro intento intimidatorio ed \u00e8 inutile dire quanto la tragedia, da un\u2019azione tanto stupida quanto scellerata, si sia sfiorata\u00bb.<\/p>\n<p style=\"text-align: justify;\">E&#8217; un dato di fatto che i servizi sociali siano intervenuti in diverse occasioni, ma senza successo data la problematicit\u00e0 dei casi, tentando di convincere i senza tetto ad utilizzare il dormitorio comunale. Casi ben conosciuti anche agli operatori del pronto intervento sociale.<\/p>\n<p style=\"text-align: justify;\">\u00abAbbiamo quindi deciso\u00a0 &#8211; spiega Bellini\u00a0 &#8211; di intervenire con una soluzione alternativa e temporanea che prevede l\u2019apposizione di grandi pannelli in linea con quanto si vede in tutte le citt\u00e0 italiane ed europee in occasione di grandi restauri e ristrutturazioni. Verranno scelti pannelli con una grafica che si integri al meglio con il contesto storico e nel suo pieno rispetto. E come amministrazione non lasceremo da sole le persone che non potranno pi\u00f9 dormire in quel luogo, continueremo a fornire loro assistenza e sostegno come per qualsiasi altra persone bisognosa all\u2019interno del territorio comunale \u00bb.<\/p>\n<div class=\"radio-posizionamento-telefono-in-articoli-dopo-il-contenuto-articolo radio-entity-placement\" id=\"radio-1916894480\"><div id=\"radio-3715830641\"><a href=\"https:\/\/www.simeoneceramiche.com\/\" aria-label=\"SIMEONE CERAMICHE GIF animata per radioluna_Tavola disegno 1 copia 2 (online-video-cutter.com)\"><img loading=\"lazy\" decoding=\"async\" src=\"https:\/\/www.radioluna.it\/news\/wp-content\/uploads\/2025\/05\/SIMEONE-CERAMICHE-GIF-animata-per-radioluna_Tavola-disegno-1-copia-2-online-video-cutter.com_.gif\" alt=\"\"  width=\"300\" height=\"250\"   \/><\/a><\/div><\/div>","protected":false},"excerpt":{"rendered":"<p>LATINA &#8211;\u00a0 \u00a0Dopo le pesanti critiche piovute sull&#8217;Amministrazione comunale di Latina per la perdurante situazione di degrado dell&#8217;ex Mercato Annonario di Latina le cui scale esterne sono divenute rifugio per alcuni clochard, non \u00e8 piaciuta nemmeno la proposta di pannellare gli ingressi in attesa del progetto di rilancio dell&#8217;immobile. Per questo dopo la commissione nel [&hellip;]<\/p>\n","protected":false},"author":62,"featured_media":180287,"comment_status":"open","ping_status":"open","sticky":false,"template":"","format":"standard","meta":{"footnotes":""},"categories":[2403],"tags":[],"class_list":["post-232301","post","type-post","status-publish","format-standard","has-post-thumbnail","hentry","category-le-cose-in-comune"],"_links":{"self":[{"href":"https:\/\/www.radioluna.it\/news\/wp-json\/wp\/v2\/posts\/232301","targetHints":{"allow":["GET"]}}],"collection":[{"href":"https:\/\/www.radioluna.it\/news\/wp-json\/wp\/v2\/posts"}],"about":[{"href":"https:\/\/www.radioluna.it\/news\/wp-json\/wp\/v2\/types\/post"}],"author":[{"embeddable":true,"href":"https:\/\/www.radioluna.it\/news\/wp-json\/wp\/v2\/users\/62"}],"replies":[{"embeddable":true,"href":"https:\/\/www.radioluna.it\/news\/wp-json\/wp\/v2\/comments?post=232301"}],"version-history":[{"count":0,"href":"https:\/\/www.radioluna.it\/news\/wp-json\/wp\/v2\/posts\/232301\/revisions"}],"wp:featuredmedia":[{"embeddable":true,"href":"https:\/\/www.radioluna.it\/news\/wp-json\/wp\/v2\/media\/180287"}],"wp:attachment":[{"href":"https:\/\/www.radioluna.it\/news\/wp-json\/wp\/v2\/media?parent=232301"}],"wp:term":[{"taxonomy":"category","embeddable":true,"href":"https:\/\/www.radioluna.it\/news\/wp-json\/wp\/v2\/categories?post=232301"},{"taxonomy":"post_tag","embeddable":true,"href":"https:\/\/www.radioluna.it\/news\/wp-json\/wp\/v2\/tags?post=232301"}],"curies":[{"name":"wp","href":"https:\/\/api.w.org\/{rel}","templated":true}]}}