{"id":232312,"date":"2018-10-17T13:46:44","date_gmt":"2018-10-17T11:46:44","guid":{"rendered":"https:\/\/www.radioluna.it\/news\/?p=232312"},"modified":"2018-10-17T13:46:44","modified_gmt":"2018-10-17T11:46:44","slug":"a-cori-i-quattro-quartetti-di-eliot-musicati-da-clementi-nuccini","status":"publish","type":"post","link":"https:\/\/www.radioluna.it\/news\/2018\/10\/a-cori-i-quattro-quartetti-di-eliot-musicati-da-clementi-nuccini\/","title":{"rendered":"A Cori, i Quattro Quartetti di Eliot musicati da Clementi-Nuccini"},"content":{"rendered":"<div id=\"fb-root\"><\/div>\n<p style=\"text-align: justify;\"><strong>CORI &#8211;<\/strong> Sabato 20 ottobre (alle 21) la\u00a0 Chiesa S. Oliva a Cori ospiter\u00e0 Emidio Clementi e Corrado Nuccini\u00a0con il loro spettacolo Quattro Quartetti. E&#8217; uno degli appuntamenti di\u00a0InKiostro, rassegna di musica e scrittura. Lo spettacolo che rielabora i \u201c<em>Quattro Quartetti<\/em>\u201d di Eliot (quattro poemetti riuniti in un unico libro dall&#8217;autore),\u00a0 diventa cos\u00ec il primo disco ufficiale firmato in coppia dal duo.<\/p>\n<p style=\"text-align: justify;\">La rassegna\u00a0 &#8211; spiegano gli organizzatori &#8211; \u00e8 nata con lo scopo di valorizzare esperienze musicali nazionali ed internazionali di qualit\u00e0, contraddistinte da un significativo tasso di sperimentazione e una forte autorialit\u00e0.\u00a0Un valore aggiunto \u00e8 la Chiesa di Sant\u2019Oliva,\u00a0 complesso costruito nel XII secolo sui resti di un tempio romano. Nella volta \u00e8 presente un bellissimo ciclo pittorico risalente alla XVI secolo con immagini dell\u2019Antico e Nuovo Testamento e del Giudizio Universale. Oggi l&#8217;ex convento \u00e8 sede del museo della citt\u00e0 e del territorio e sar\u00e0 aperto al pubblico la sera, la visita \u00e8 inclusa nel biglietto.<\/p>\n<p style=\"text-align: justify;\">Prima e dopo i concerti l\u2019azienda agricola \u201cLe Quattro Vasche\u201d e il Ristorante \u201cCaff\u00e8 del Cardinale\u201d offriranno la possibilit\u00e0 di degustare i loro prodotti presso Palazzetto Luciani (antistante la chiesa di Sant\u2019Oliva).<\/p>\n<p style=\"text-align: justify;\"><strong>INFORMAZIONI:<\/strong><\/p>\n<p style=\"text-align: justify;\"><strong>Inizio Concerto ore 21:00<\/strong><\/p>\n<p style=\"text-align: justify;\"><strong><a href=\"https:\/\/inkiostro.eu\/\">https:\/\/inkiostro.eu\/<\/a><\/strong><\/p>\n<p style=\"text-align: justify;\"><a href=\"mailto:inkiostrorassegna@gmail.com\"><strong>inkiostrorassegna@gmail.com<\/strong><\/a><\/p>\n<p style=\"text-align: justify;\"><strong>Prevendite: 10 euro + Dp <\/strong><\/p>\n<p style=\"text-align: justify;\"><a href=\"https:\/\/oooh.events\/\"><strong>https:\/\/oooh.events\/<\/strong><\/a><strong>\u00a0 (Link diretto: <\/strong><a href=\"http:\/\/bit.ly\/4quartettinuovadata\"><strong>http:\/\/bit.ly\/4quartettinuovadata<\/strong><\/a><strong>) <\/strong><\/p>\n<p style=\"text-align: justify;\"><strong>Botteghino: 12 euro <\/strong><\/p>\n<p style=\"text-align: justify;\">\n<div class=\"radio-posizionamento-telefono-in-articoli-dopo-il-contenuto-articolo radio-entity-placement\" id=\"radio-4051912076\"><div id=\"radio-358903320\"><a href=\"https:\/\/www.simeoneceramiche.com\/\" aria-label=\"SIMEONE CERAMICHE GIF animata per radioluna_Tavola disegno 1 copia 2 (online-video-cutter.com)\"><img loading=\"lazy\" decoding=\"async\" src=\"https:\/\/www.radioluna.it\/news\/wp-content\/uploads\/2025\/05\/SIMEONE-CERAMICHE-GIF-animata-per-radioluna_Tavola-disegno-1-copia-2-online-video-cutter.com_.gif\" alt=\"\"  width=\"300\" height=\"250\"   \/><\/a><\/div><\/div>","protected":false},"excerpt":{"rendered":"<p>CORI &#8211; Sabato 20 ottobre (alle 21) la\u00a0 Chiesa S. Oliva a Cori ospiter\u00e0 Emidio Clementi e Corrado Nuccini\u00a0con il loro spettacolo Quattro Quartetti. E&#8217; uno degli appuntamenti di\u00a0InKiostro, rassegna di musica e scrittura. Lo spettacolo che rielabora i \u201cQuattro Quartetti\u201d di Eliot (quattro poemetti riuniti in un unico libro dall&#8217;autore),\u00a0 diventa cos\u00ec il primo [&hellip;]<\/p>\n","protected":false},"author":62,"featured_media":232321,"comment_status":"open","ping_status":"open","sticky":false,"template":"","format":"standard","meta":{"footnotes":""},"categories":[16],"tags":[],"class_list":["post-232312","post","type-post","status-publish","format-standard","has-post-thumbnail","hentry","category-appuntamenti"],"_links":{"self":[{"href":"https:\/\/www.radioluna.it\/news\/wp-json\/wp\/v2\/posts\/232312","targetHints":{"allow":["GET"]}}],"collection":[{"href":"https:\/\/www.radioluna.it\/news\/wp-json\/wp\/v2\/posts"}],"about":[{"href":"https:\/\/www.radioluna.it\/news\/wp-json\/wp\/v2\/types\/post"}],"author":[{"embeddable":true,"href":"https:\/\/www.radioluna.it\/news\/wp-json\/wp\/v2\/users\/62"}],"replies":[{"embeddable":true,"href":"https:\/\/www.radioluna.it\/news\/wp-json\/wp\/v2\/comments?post=232312"}],"version-history":[{"count":0,"href":"https:\/\/www.radioluna.it\/news\/wp-json\/wp\/v2\/posts\/232312\/revisions"}],"wp:featuredmedia":[{"embeddable":true,"href":"https:\/\/www.radioluna.it\/news\/wp-json\/wp\/v2\/media\/232321"}],"wp:attachment":[{"href":"https:\/\/www.radioluna.it\/news\/wp-json\/wp\/v2\/media?parent=232312"}],"wp:term":[{"taxonomy":"category","embeddable":true,"href":"https:\/\/www.radioluna.it\/news\/wp-json\/wp\/v2\/categories?post=232312"},{"taxonomy":"post_tag","embeddable":true,"href":"https:\/\/www.radioluna.it\/news\/wp-json\/wp\/v2\/tags?post=232312"}],"curies":[{"name":"wp","href":"https:\/\/api.w.org\/{rel}","templated":true}]}}