{"id":232586,"date":"2018-10-21T16:29:58","date_gmt":"2018-10-21T14:29:58","guid":{"rendered":"https:\/\/www.radioluna.it\/news\/?p=232586"},"modified":"2018-10-24T06:26:35","modified_gmt":"2018-10-24T04:26:35","slug":"latina-coletta-e-la-maggioranza-non-e-crisi-ma-dialettica-ne-usciremo-piu-forti","status":"publish","type":"post","link":"https:\/\/www.radioluna.it\/news\/2018\/10\/latina-coletta-e-la-maggioranza-non-e-crisi-ma-dialettica-ne-usciremo-piu-forti\/","title":{"rendered":"Latina, Coletta e la maggioranza: &#8220;Non \u00e8 crisi, ma dialettica. Ne usciremo pi\u00f9 forti&#8221;"},"content":{"rendered":"<div id=\"fb-root\"><\/div>\n<p style=\"text-align: justify;\"><strong>LATINA<\/strong> &#8211;\u00a0\u201cNon chiamatela crisi, \u00e8 una fase di transizione. Ci sono punti di vista diversi e consiglieri che reclamano una diversa organizzazione nella gestione dei processi. Io la chiamo dialettica e proprio perch\u00e9 non ci piace il pensiero unico dominante, vogliamo valorizzare i punti di vista\u201d.<\/p>\n<p style=\"text-align: justify;\">Il sindaco di Latina Damiano Coletta mantiene la calma, ma si trova per la prima volta a dover fare i conti con lo scontento manifestato da alcuni suoi consiglieri: Salvatore Antoci, <span style=\"display: inline !important; float: none; background-color: transparent; color: #333333; cursor: text; font-family: Georgia,'Times New Roman','Bitstream Charter',Times,serif; font-size: 16px; font-style: normal; font-variant: normal; font-weight: 400; letter-spacing: normal; orphans: 2; text-align: left; text-decoration: none; text-indent: 0px; text-transform: none; -webkit-text-stroke-width: 0px; white-space: normal; word-spacing: 0px;\">Massimo Di Trento<\/span>, Celina Mattei, Olivier Tassi\u00a0 per usare l&#8217;ordine alfabetico. Si \u00e8 parlato di uscita dal gruppo consiliare e di ingresso nel gruppo misto. \u201cNon \u00e8 cos\u00ec. Quello di cui si sta discutendo \u00e8 una diversa organizzazione interna che favorisca una migliore distribuzione dei carichi di lavoro e pi\u00f9 confronto nella valutazione delle scelte\u201d.<\/p>\n<p style=\"text-align: justify;\">Al di l\u00e0 delle parole usate, \u00e8 una forma di sfiducia? \u201cNon credo proprio, il progetto non \u00e8 in discussione come hanno confermato gli stessi consiglieri di Lbc che hanno espresso l&#8217;intenzione di discutere con noi le modalit\u00e0 di una loro rinnovata partecipazione. Del resto \u00e8 apparso chiaro a tutti nel confronto di questi giorni che gli obiettivi del Movimento restano comuni, semmai le divergenze riguardano le modalit\u00e0 per raggiungerli\u201d.<\/p>\n<p style=\"text-align: justify;\">L&#8217;accusa nei confronti del sindaco civico di Latina\u00a0 \u00e8 di essere da una parte troppo democratico e disponibile; dall&#8217;altra troppo decisionista grazie al sostegno di un gruppo granitico di consiglieri. \u201cLa pratica di questi due anni ha reso evidenti cose che prima non lo erano. La verit\u00e0 \u00e8 che il percorso, si \u00e8 rivelato pi\u00f9 accidentato di quello che credevamo e con questo saliscendi bisogna fare i conti. Ma Lbc lo sa\u201d. Ed ecco l&#8217;altro punto: il Movimento. Fuori dal Consiglio comunale, il partito di Coletta ha visto nell&#8217;ultimo anno disaffezionarsi alla partecipazione attiva tanti aderenti; \u00e8 senza segretario; \u00e8 stato a lungo silente su argomenti chiave; \u00e8 mancato al suo ruolo di forza politica in grado di sostenere e orientare l&#8217;azione amministrativa della maggioranza.<\/p>\n<p style=\"text-align: justify;\">E allora viene da chiedersi: se il movimento fosse stato compatto come era al suo esordio, i quattro consiglieri in agitazione, avrebbero fatto questo passo? E qualcun altro, come sta accadendo in questo frangente, avrebbe espresso condivisione? &#8220;Il nostro movimento \u2013 spiega Coletta \u2013 nasce con una trasversalit\u00e0 che \u00e8 ancora oggi la sua pi\u00f9 bella caratteristica, rispettiamo le posizioni diverse, e la dialettica \u00e8 la nostra forza. Confido che il confronto di questi giorni possa riportare le problematiche espresse, unicamente all&#8217;interno del Movimento.\u00a0 Considero questo passaggio, un tagliando\u201d.<\/p>\n<p style=\"text-align: justify;\">Di fatto, uscire dal gruppo rappresenterebbe un varco per le altre forze politiche, una mossa invocata molto di recente dal consigliere comunale, Massimiliano Carnevale che dalle file dell&#8217;opposizione si \u00e8 rivolto direttamente ai colleghi della maggioranza per chiedere di &#8220;staccare la spina&#8221;: \u201cAppunto, non credo sia questo l&#8217;obiettivo di nessuno di noi. Non siamo degli incoerenti saltimbanchi della politica\u201d.<\/p>\n<p style=\"text-align: justify;\">Su Abc per\u00f2, come su altre questioni importanti, ci sono delle attese, c&#8217;\u00e8 bisogno di arrivare a meta. Lo dicono con queste modalit\u00e0 i consiglieri in agitazione oggi, ma anche molti cittadini. \u201cI prossimi anni sono quelli del raccolto. Su Abc come sulla sicurezza, sul decoro urbano, sui borghi. C&#8217;\u00e8 un documento pronto, con impegni precisi su obiettivi individuati\u201d.<\/p>\n<p style=\"text-align: justify;\">Ma Lbc ha un futuro? \u201cSono certo che aver aderito a Italia in Comune ci rafforzi, \u00e8 importante essere presenti a livello nazionale con questa rete di sindaci. La prossima settimana approveremo il nuovo statuto di Lbc e a seguire eleggeremo il prossimo segretario del Movimento\u201d. Nomi? \u201cFare nomi rappresenterebbe un&#8217;investitura e non mi piace, sceglieremo democraticamente come abbiamo sempre fatto\u201d. Meglio una guida giovane o un veterano? \u201cPosso dire che auspico che sia un elemento di novit\u00e0\u201d.<\/p>\n<div class=\"radio-posizionamento-telefono-in-articoli-dopo-il-contenuto-articolo radio-entity-placement\" id=\"radio-4025371128\"><div id=\"radio-1640575763\"><a href=\"https:\/\/grupporedi.it\/\" aria-label=\"Redi-Qr\"><img loading=\"lazy\" decoding=\"async\" src=\"https:\/\/www.radioluna.it\/news\/wp-content\/uploads\/2026\/03\/Redi-Qr.jpg\" alt=\"\"  srcset=\"https:\/\/www.radioluna.it\/news\/wp-content\/uploads\/2026\/03\/Redi-Qr.jpg 800w, https:\/\/www.radioluna.it\/news\/wp-content\/uploads\/2026\/03\/Redi-Qr-768x639.jpg 768w\" sizes=\"(max-width: 800px) 100vw, 800px\" width=\"300\" height=\"250\"   \/><\/a><\/div><\/div>","protected":false},"excerpt":{"rendered":"<p>LATINA &#8211;\u00a0\u201cNon chiamatela crisi, \u00e8 una fase di transizione. Ci sono punti di vista diversi e consiglieri che reclamano una diversa organizzazione nella gestione dei processi. Io la chiamo dialettica e proprio perch\u00e9 non ci piace il pensiero unico dominante, vogliamo valorizzare i punti di vista\u201d. Il sindaco di Latina Damiano Coletta mantiene la calma, [&hellip;]<\/p>\n","protected":false},"author":62,"featured_media":232589,"comment_status":"open","ping_status":"open","sticky":false,"template":"","format":"standard","meta":{"footnotes":""},"categories":[8],"tags":[],"class_list":["post-232586","post","type-post","status-publish","format-standard","has-post-thumbnail","hentry","category-politica"],"_links":{"self":[{"href":"https:\/\/www.radioluna.it\/news\/wp-json\/wp\/v2\/posts\/232586","targetHints":{"allow":["GET"]}}],"collection":[{"href":"https:\/\/www.radioluna.it\/news\/wp-json\/wp\/v2\/posts"}],"about":[{"href":"https:\/\/www.radioluna.it\/news\/wp-json\/wp\/v2\/types\/post"}],"author":[{"embeddable":true,"href":"https:\/\/www.radioluna.it\/news\/wp-json\/wp\/v2\/users\/62"}],"replies":[{"embeddable":true,"href":"https:\/\/www.radioluna.it\/news\/wp-json\/wp\/v2\/comments?post=232586"}],"version-history":[{"count":0,"href":"https:\/\/www.radioluna.it\/news\/wp-json\/wp\/v2\/posts\/232586\/revisions"}],"wp:featuredmedia":[{"embeddable":true,"href":"https:\/\/www.radioluna.it\/news\/wp-json\/wp\/v2\/media\/232589"}],"wp:attachment":[{"href":"https:\/\/www.radioluna.it\/news\/wp-json\/wp\/v2\/media?parent=232586"}],"wp:term":[{"taxonomy":"category","embeddable":true,"href":"https:\/\/www.radioluna.it\/news\/wp-json\/wp\/v2\/categories?post=232586"},{"taxonomy":"post_tag","embeddable":true,"href":"https:\/\/www.radioluna.it\/news\/wp-json\/wp\/v2\/tags?post=232586"}],"curies":[{"name":"wp","href":"https:\/\/api.w.org\/{rel}","templated":true}]}}