{"id":232637,"date":"2018-10-22T12:37:43","date_gmt":"2018-10-22T10:37:43","guid":{"rendered":"https:\/\/www.radioluna.it\/news\/?p=232637"},"modified":"2018-10-23T07:08:26","modified_gmt":"2018-10-23T05:08:26","slug":"lbc-giovani-invita-ilaria-cucchi-a-latina-per-la-proiezione-del-film-su-stefano","status":"publish","type":"post","link":"https:\/\/www.radioluna.it\/news\/2018\/10\/lbc-giovani-invita-ilaria-cucchi-a-latina-per-la-proiezione-del-film-su-stefano\/","title":{"rendered":"Lbc Giovani invita Ilaria Cucchi a Latina per la proiezione del film su Stefano"},"content":{"rendered":"<div id=\"fb-root\"><\/div>\n<p style=\"text-align: justify;\"><strong>LATINA<\/strong> &#8211; Ilaria Cucchi parteciper\u00e0 a Latina alla proiezione pubblica del film sul fratello Stefano, <em>Sulla mia pelle<\/em> interpretato da Alessandro Borghi nei panni di Stefano e da Jasmine Trinca in quelli di Ilaria. L&#8217;iniziativa \u00e8 dei giovani di Latina Bene Comune che hanno voluto invitare la donna-coraggio nel nono anniversario dalla morte del fratello avvenuta il 22 ottobre del 2009 in un letto del reparto detenuti dell&#8217;ospedale Sandro Pertini, dopo un cruento pestaggio.<\/p>\n<p style=\"text-align: justify;\">&#8220;Ilaria Cucchi, nonostante i tantissimi appuntamenti che la vedono impegnata in prima linea in questa fase cos\u00ec delicata, ci ha dato la sua disponibilit\u00e0 a venire a Latina nelle prossime settimane per partecipare alla proiezione pubblica del film \u201cSulla mia Pelle\u201d, diretto da Alessio Cremonini, speriamo che potr\u00e0 essere un momento importante di dibattito cittadino e di riflessione affinch\u00e9 la storia di Stefano non venga dimenticata&#8221;, dicono i giovani attivisti del movimento civico, rappresentati in consiglio comunale da Valeria Campagna.<\/p>\n<p>ASCOLTA<\/p>\n<audio class=\"wp-audio-shortcode\" id=\"audio-232637-1\" preload=\"none\" style=\"width: 100%;\" controls=\"controls\"><source type=\"audio\/mpeg\" src=\"https:\/\/www.radioluna.it\/news\/wp-content\/uploads\/2018\/10\/valeria-campagna.mp3?_=1\" \/><a href=\"https:\/\/www.radioluna.it\/news\/wp-content\/uploads\/2018\/10\/valeria-campagna.mp3\">https:\/\/www.radioluna.it\/news\/wp-content\/uploads\/2018\/10\/valeria-campagna.mp3<\/a><\/audio>\n<p style=\"text-align: justify;\">&#8220;Vogliamo ricordare Stefano a nove anni dalla sua morte&#8221;, aggiungono\u00a0 da Lbc Giovani tornando a raccontare, perch\u00e9 resti scolpita nella memoria di ciascuno, la storia di Stefano e il coraggio di Ilaria Cucchi che non si \u00e8 mai arresa e ha proseguito nella ricerca della verit\u00e0.\u00a0&#8220;La vicenda Cucchi pone una serie di temi di riflessione, in primis quello dei diritti umani; quella di Stefano, come dei tanti Stefano Cucchi, \u00e8 la storia di vittime dell\u2019indifferenza dove sembra non esistere pi\u00f9 il concetto di dignit\u00e0 umana. Altro tema \u00e8 poi quello del diritto alla verit\u00e0, che ha coinvolto la famiglia Cucchi ma che continua a coinvolgere ciascuno di noi, perch\u00e9 la sua non \u00e8 pi\u00f9 una storia privata, ma la storia di tutti noi e di ogni famiglia. Arrivare a conoscere la verit\u00e0 significherebbe dare ancora pi\u00f9 fiducia a tutti e tutte noi nelle nostre Istituzioni&#8221;.<\/p>\n<p>Di questo si parler\u00e0 nelle prossime settimane a Latina, con Ilaria Cucchi.<\/p>\n<p><em><img loading=\"lazy\" decoding=\"async\" class=\"alignnone wp-image-232641 size-full\" src=\"https:\/\/www.radioluna.it\/news\/wp-content\/uploads\/2018\/10\/sulla-mia-pelle.jpg\" alt=\"\" width=\"850\" height=\"450\" srcset=\"https:\/\/www.radioluna.it\/news\/wp-content\/uploads\/2018\/10\/sulla-mia-pelle.jpg 850w, https:\/\/www.radioluna.it\/news\/wp-content\/uploads\/2018\/10\/sulla-mia-pelle-300x159.jpg 300w, https:\/\/www.radioluna.it\/news\/wp-content\/uploads\/2018\/10\/sulla-mia-pelle-768x407.jpg 768w\" sizes=\"auto, (max-width: 850px) 100vw, 850px\" \/><\/em><\/p>\n<p>&nbsp;<\/p>\n<div class=\"radio-posizionamento-telefono-in-articoli-dopo-il-contenuto-articolo radio-entity-placement\" id=\"radio-2368997507\"><div id=\"radio-2915852984\" style=\"width: 300px;height: 250px;\"><a href=\"https:\/\/www.icarspa.it\/auto\/usate\/latina\/\" aria-label=\"banner aprile icar new life &#8211; auto usate latina\"><img loading=\"lazy\" decoding=\"async\" src=\"https:\/\/www.radioluna.it\/news\/wp-content\/uploads\/2026\/02\/banner-aprile-icar-new-life-auto-usate-latina.gif\" alt=\"\"  width=\"300\" height=\"250\"   \/><\/a><\/div><\/div>","protected":false},"excerpt":{"rendered":"<p>LATINA &#8211; Ilaria Cucchi parteciper\u00e0 a Latina alla proiezione pubblica del film sul fratello Stefano, Sulla mia pelle interpretato da Alessandro Borghi nei panni di Stefano e da Jasmine Trinca in quelli di Ilaria. L&#8217;iniziativa \u00e8 dei giovani di Latina Bene Comune che hanno voluto invitare la donna-coraggio nel nono anniversario dalla morte del fratello [&hellip;]<\/p>\n","protected":false},"author":62,"featured_media":232640,"comment_status":"open","ping_status":"open","sticky":false,"template":"","format":"standard","meta":{"footnotes":""},"categories":[16,2310],"tags":[],"class_list":["post-232637","post","type-post","status-publish","format-standard","has-post-thumbnail","hentry","category-appuntamenti","category-audio"],"_links":{"self":[{"href":"https:\/\/www.radioluna.it\/news\/wp-json\/wp\/v2\/posts\/232637","targetHints":{"allow":["GET"]}}],"collection":[{"href":"https:\/\/www.radioluna.it\/news\/wp-json\/wp\/v2\/posts"}],"about":[{"href":"https:\/\/www.radioluna.it\/news\/wp-json\/wp\/v2\/types\/post"}],"author":[{"embeddable":true,"href":"https:\/\/www.radioluna.it\/news\/wp-json\/wp\/v2\/users\/62"}],"replies":[{"embeddable":true,"href":"https:\/\/www.radioluna.it\/news\/wp-json\/wp\/v2\/comments?post=232637"}],"version-history":[{"count":0,"href":"https:\/\/www.radioluna.it\/news\/wp-json\/wp\/v2\/posts\/232637\/revisions"}],"wp:featuredmedia":[{"embeddable":true,"href":"https:\/\/www.radioluna.it\/news\/wp-json\/wp\/v2\/media\/232640"}],"wp:attachment":[{"href":"https:\/\/www.radioluna.it\/news\/wp-json\/wp\/v2\/media?parent=232637"}],"wp:term":[{"taxonomy":"category","embeddable":true,"href":"https:\/\/www.radioluna.it\/news\/wp-json\/wp\/v2\/categories?post=232637"},{"taxonomy":"post_tag","embeddable":true,"href":"https:\/\/www.radioluna.it\/news\/wp-json\/wp\/v2\/tags?post=232637"}],"curies":[{"name":"wp","href":"https:\/\/api.w.org\/{rel}","templated":true}]}}