{"id":232886,"date":"2018-10-26T09:31:22","date_gmt":"2018-10-26T07:31:22","guid":{"rendered":"https:\/\/www.radioluna.it\/news\/?p=232886"},"modified":"2018-10-26T09:38:04","modified_gmt":"2018-10-26T07:38:04","slug":"il-pd-si-mette-in-moto-moscardelli-nomina-lesecutivo-che-lo-affianchera","status":"publish","type":"post","link":"https:\/\/www.radioluna.it\/news\/2018\/10\/il-pd-si-mette-in-moto-moscardelli-nomina-lesecutivo-che-lo-affianchera\/","title":{"rendered":"Il Pd si mette in moto, Moscardelli nomina l&#8217;esecutivo che lo affiancher\u00e0"},"content":{"rendered":"<div id=\"fb-root\"><\/div>\n<p style=\"text-align: justify;\"><strong>LATINA<\/strong> &#8211; Il Pd\u00a0 vuole provare a ripartire da Claudio Moscardelli, neo eletto segretario provinciale, e da un gruppo di 19 che sono l&#8217;esecutivo pontino, presentato in una conferenza stampa nella sede di Via Romagnoli (mancano alcune figure che saranno nominate a breve). Tanti giovani, una buona rappresentanza femminile, qualche punto fermo tra le figure di riferimento del partito: la squadra \u00e8 gi\u00e0 al lavoro per i prossimi appuntamenti dem. A partire da quelli di questo fine settimana quando gli iscritti voteranno in vista del 25 novembre giorno fissato per le primarie per l&#8217;elezione del segretario regionale del Lazio. Con l&#8217;anno nuovo invece toccher\u00e0 scegliere quello nazionale.<\/p>\n<p style=\"text-align: justify;\">&#8220;Una squadra in cui abbiamo messo insieme competenza, esperienza, novit\u00e0. Abbiamo gi\u00e0 iniziato a lavorare con le quattro assemblee comprensoriali e continueremo nel mese di novembre&#8221;, spiega Moscardelli che ha intenzione di spingere anche sul pedale dell&#8217;informazione europeista &#8211; E&#8217; un partito che si mette in moto. Vogliamo assolvere anche ad un ruolo di proposta su infrastrutture e sviluppo che ci compete, vista la nutrita rappresentanza istituzionale a tutti i livelli con alcuni sindaci, il presidente della Provincia, due consiglieri regionali e un assessore&#8221;.<\/p>\n<p style=\"text-align: justify;\">Un modo per provare a lasciarsi alle spalle la debacle di qualche mese fa che sul territorio provinciale di Latina \u00e8 stata particolarmente impietosa con le percentuali raggiunte nelle consultazioni amministrative che hanno fatto del Pd una forza\u00a0 irrilevante. &#8220;Indubbiamente abbiamo avuto una durissima sconfitta politica alle elezioni del 4 marzo, ma non viviamo questa fase come una sorta di rivincita del 4 marzo, intendiamo invece lavorare per migliorare la capacit\u00e0 del nostro partito di dialogare con i cittadini per portare avanti idee e valori che sono radicalmente alternativi a quelli giallo-verdi. Come provincia di Latina vogliamo dare il nostro contributo a questa battaglia nazionale che \u00e8 tutta sulle spalle del Pd perch\u00e9 non ci sono altre forze oltre il Pd in grado di portarla avanti&#8221;.<\/p>\n<p style=\"text-align: justify;\">Non hanno voluto esprimere rappresentanti nell&#8217;esecutivo, gli esponenti del Pd che fanno riferimento al consigliere regionale Enrico Forte, l&#8217;altra eterna anima del Pd pontino,\u00a0 che proprio alla vigilia dell&#8217;appuntamento elettorale interno per l&#8217;elezione del segretario provinciale aveva annunciato il totale disaccordo per le modalit\u00e0 di scelta del candidato, disertando poi le urne.\u00a0 &#8220;Il colloquio con loro non si \u00e8 mai interrotto, abbiamo svolto e continuiamo a svolgere azioni come partito al di l\u00e0 delle posizioni, e mi pare che ci sia una buona volont\u00e0 di collaborazione da parte di tutti, il clima \u00e8 positivo&#8221;, conclude Moscardelli.<\/p>\n<p><strong>ASCOLTA<\/strong><\/p>\n<audio class=\"wp-audio-shortcode\" id=\"audio-232886-1\" preload=\"none\" style=\"width: 100%;\" controls=\"controls\"><source type=\"audio\/mpeg\" src=\"https:\/\/www.radioluna.it\/news\/wp-content\/uploads\/2018\/10\/moscardelli.mp3?_=1\" \/><a href=\"https:\/\/www.radioluna.it\/news\/wp-content\/uploads\/2018\/10\/moscardelli.mp3\">https:\/\/www.radioluna.it\/news\/wp-content\/uploads\/2018\/10\/moscardelli.mp3<\/a><\/audio>\n<div class=\"radio-posizionamento-telefono-in-articoli-dopo-il-contenuto-articolo radio-entity-placement\" id=\"radio-727720036\"><div id=\"radio-3218188574\" style=\"width: 300px;height: 250px;\"><a href=\"https:\/\/www.icarspa.it\/auto\/usate\/latina\/\" aria-label=\"banner aprile icar new life &#8211; auto usate latina\"><img loading=\"lazy\" decoding=\"async\" src=\"https:\/\/www.radioluna.it\/news\/wp-content\/uploads\/2026\/02\/banner-aprile-icar-new-life-auto-usate-latina.gif\" alt=\"\"  width=\"300\" height=\"250\"   \/><\/a><\/div><\/div>","protected":false},"excerpt":{"rendered":"<p>LATINA &#8211; Il Pd\u00a0 vuole provare a ripartire da Claudio Moscardelli, neo eletto segretario provinciale, e da un gruppo di 19 che sono l&#8217;esecutivo pontino, presentato in una conferenza stampa nella sede di Via Romagnoli (mancano alcune figure che saranno nominate a breve). Tanti giovani, una buona rappresentanza femminile, qualche punto fermo tra le figure [&hellip;]<\/p>\n","protected":false},"author":62,"featured_media":232892,"comment_status":"open","ping_status":"open","sticky":false,"template":"","format":"standard","meta":{"footnotes":""},"categories":[2310,8],"tags":[],"class_list":["post-232886","post","type-post","status-publish","format-standard","has-post-thumbnail","hentry","category-audio","category-politica"],"_links":{"self":[{"href":"https:\/\/www.radioluna.it\/news\/wp-json\/wp\/v2\/posts\/232886","targetHints":{"allow":["GET"]}}],"collection":[{"href":"https:\/\/www.radioluna.it\/news\/wp-json\/wp\/v2\/posts"}],"about":[{"href":"https:\/\/www.radioluna.it\/news\/wp-json\/wp\/v2\/types\/post"}],"author":[{"embeddable":true,"href":"https:\/\/www.radioluna.it\/news\/wp-json\/wp\/v2\/users\/62"}],"replies":[{"embeddable":true,"href":"https:\/\/www.radioluna.it\/news\/wp-json\/wp\/v2\/comments?post=232886"}],"version-history":[{"count":0,"href":"https:\/\/www.radioluna.it\/news\/wp-json\/wp\/v2\/posts\/232886\/revisions"}],"wp:featuredmedia":[{"embeddable":true,"href":"https:\/\/www.radioluna.it\/news\/wp-json\/wp\/v2\/media\/232892"}],"wp:attachment":[{"href":"https:\/\/www.radioluna.it\/news\/wp-json\/wp\/v2\/media?parent=232886"}],"wp:term":[{"taxonomy":"category","embeddable":true,"href":"https:\/\/www.radioluna.it\/news\/wp-json\/wp\/v2\/categories?post=232886"},{"taxonomy":"post_tag","embeddable":true,"href":"https:\/\/www.radioluna.it\/news\/wp-json\/wp\/v2\/tags?post=232886"}],"curies":[{"name":"wp","href":"https:\/\/api.w.org\/{rel}","templated":true}]}}