{"id":232947,"date":"2018-10-26T18:21:33","date_gmt":"2018-10-26T16:21:33","guid":{"rendered":"https:\/\/www.radioluna.it\/news\/?p=232947"},"modified":"2018-10-26T18:21:33","modified_gmt":"2018-10-26T16:21:33","slug":"archeologia-e-didattica-per-gli-studenti-di-priverno","status":"publish","type":"post","link":"https:\/\/www.radioluna.it\/news\/2018\/10\/archeologia-e-didattica-per-gli-studenti-di-priverno\/","title":{"rendered":"Archeologia e didattica per gli studenti di Priverno"},"content":{"rendered":"<div id=\"fb-root\"><\/div>\n<p style=\"text-align: justify;\"><strong>PRIVERNO &#8211;<\/strong> Marted\u00ec prossimo saranno presentati agli istituti scolastici del territorio l\u2019offerta didattica dei Musei Archeologici di Priverno e il programma del Teatro Comunale appositamente ideato per le scuole.\u00a0Si comincia alle 10.30 con una visita guidata al Museo Archeologico, cui seguir\u00e0 alle 11.30 nella Sala delle Cerimonie nel Palazzo Comunale un incontro per i docenti con il Sindaco, l\u2019Assessore alla Cultura, la Direzione dei Musei, la Cooperativa Archeologia e Matutateatro per illustrare le attivit\u00e0. Gli studenti saranno guidati in un approccio consapevole e ragionato, cos\u00ec da stimolare in loro curiosit\u00e0, immaginazione e creativit\u00e0. Le attivit\u00e0 saranno un\u2019occasione per scoprire e interrogare i frammenti di storia ricomposti e conservati nei musei che i ragazzi, dai pi\u00f9 piccoli ai pi\u00f9 grandi, potranno interrogare da protagonisti per cogliere il significato della ricerca, dello studio e dell\u2019interpretazione del patrimonio, che fanno del museo il luogo deputato alla trasmissione dei beni culturali e della loro conoscenza.<\/p>\n<p style=\"text-align: justify;\">I luoghi coinvolti sono l\u2019Area Archeologica Privernum, il Museo Archeologico di Priverno, il laboratorio presso l\u2019ex chiesa di S. Chiara, il centro storico di Priverno, il Museo Medievale e Abbazia di Fossanova. L\u2019offerta didattica, per scuole di ogni ordine e grado, \u00e8 articolata in percorsi formativi che ripercorrono la storia di Privernum e del territorio dall\u2019et\u00e0 romana fino al medioevo. Le visite ai Musei, perno dell\u2019offerta didattica, si soffermano su tematiche specifiche, lasciando spazio a curiosit\u00e0, domande e interessi dei partecipanti. Per i pi\u00f9 piccoli la visita \u00e8 organizzata in attivit\u00e0 giocose e divertenti pensate per favorire un approccio da protagonisti con il mondo dell\u2019archeologia, per i pi\u00f9 grandi possono essere a carattere generale o tematiche, interattive e teatralizzate. I Laboratori che precedono o seguono la visita portano bambini e ragazzi a sperimentare e approfondire gli argomenti trattati a diretto contatto con le testimonianze materiali.<\/p>\n<p style=\"text-align: justify;\">\u00c8 possibile concordare progetti modulari per le scuole che intendono sviluppare l\u2019attivit\u00e0 didattica durante l\u2019intero anno scolastico o in pi\u00f9 fasi. I Percorsi di alternanza scuola lavoro consentiranno agli studenti di entrare in contatto con le professioni dei Beni Culturali e sperimentare direttamente le tecnologie impiegate per lo studio, la documentazione e la valorizzazione.<\/p>\n<p style=\"text-align: justify;\">Info e prenotazioni: tel 0773\/912306 &#8211; 347\/2330723 &#8211; musarchpriverno@libero.it<\/p>\n<p style=\"text-align: justify;\">LA STAGIONE &#8211;\u00a0Bene! Bravo! Bravissimo Per l\u2019anno scolastico 2018-2019 Matutateatro propone un\u2019ampia offerta di spettacoli teatrali rivolti a tutti gli alunni delle scuole di ogni ordine e grado con l\u2019intento di favorire un rapporto diretto del mondo scolastico con il teatro attraverso la messinscena di testi teatrali organicamente inseriti nella programmazione didattica.<\/p>\n<p style=\"text-align: justify;\">Gli spettacoli, che si terranno presso il Teatro Comunale di Priverno, con la direzione artistica di Matutateatro, sono differenziati in base all\u2019et\u00e0 degli alunni a cui sono rivolti.<\/p>\n<p style=\"text-align: justify;\">L\u2019accento sulla A &#8211; Favole, novelle e filastrocche di Gianni Rodari raccontate, musicate e cantate per i pi\u00f9 piccoli (3 \u2013 7 anni);<\/p>\n<p style=\"text-align: justify;\">Natale su AmaZZon \u2013 La magia del Natale nell\u2019era dell\u2019e-commerce (6-10 anni);<\/p>\n<p style=\"text-align: justify;\">I vestiti nuovi di Arlecchino \u2013 Scherzi e risate per festeggiare insieme il Carnevale (6-10 anni);<\/p>\n<p style=\"text-align: justify;\">Cappuccetto Red \u2013 Per giocare con la lingua inglese (6-10 anni);<\/p>\n<p style=\"text-align: justify;\">Marcovaldo \u2013 Le avventure di Marcovaldo di Italo Calvino raccontate e cantate (8 \u2013 13 anni);<\/p>\n<p style=\"text-align: justify;\">Se questo \u00e8 un uomo \u2013 La testimonianza di Primo Levi sulla Shoah (12 \u2013 18 anni);<\/p>\n<p style=\"text-align: justify;\">Garbatella \u2013 Viaggio nella Roma di Pier Paolo Pasolini (12 \u2013 18 anni).<\/p>\n<p style=\"text-align: justify;\">Accanto a questa programmazione per gli Istituti Comprensivi, \u00e8 in programma anche un cartellone di spettacoli selezionati appositamente per gli studenti degli istituti superiori.<\/p>\n<p style=\"text-align: justify;\">Info e prenotazioni: tel. 328\/6115020 \u2013 organizzazione@matutateatro.it<\/p>\n<div class=\"radio-posizionamento-telefono-in-articoli-dopo-il-contenuto-articolo radio-entity-placement\" id=\"radio-3143344497\"><div id=\"radio-1070800500\" style=\"width: 300px;height: 250px;\"><a href=\"https:\/\/www.icarspa.it\/auto\/usate\/latina\/\" aria-label=\"banner aprile icar new life &#8211; auto usate latina\"><img loading=\"lazy\" decoding=\"async\" src=\"https:\/\/www.radioluna.it\/news\/wp-content\/uploads\/2026\/02\/banner-aprile-icar-new-life-auto-usate-latina.gif\" alt=\"\"  width=\"300\" height=\"250\"   \/><\/a><\/div><\/div>","protected":false},"excerpt":{"rendered":"<p>PRIVERNO &#8211; Marted\u00ec prossimo saranno presentati agli istituti scolastici del territorio l\u2019offerta didattica dei Musei Archeologici di Priverno e il programma del Teatro Comunale appositamente ideato per le scuole.\u00a0Si comincia alle 10.30 con una visita guidata al Museo Archeologico, cui seguir\u00e0 alle 11.30 nella Sala delle Cerimonie nel Palazzo Comunale un incontro per i docenti [&hellip;]<\/p>\n","protected":false},"author":60,"featured_media":0,"comment_status":"open","ping_status":"open","sticky":false,"template":"","format":"standard","meta":{"footnotes":""},"categories":[16],"tags":[],"class_list":["post-232947","post","type-post","status-publish","format-standard","hentry","category-appuntamenti"],"_links":{"self":[{"href":"https:\/\/www.radioluna.it\/news\/wp-json\/wp\/v2\/posts\/232947","targetHints":{"allow":["GET"]}}],"collection":[{"href":"https:\/\/www.radioluna.it\/news\/wp-json\/wp\/v2\/posts"}],"about":[{"href":"https:\/\/www.radioluna.it\/news\/wp-json\/wp\/v2\/types\/post"}],"author":[{"embeddable":true,"href":"https:\/\/www.radioluna.it\/news\/wp-json\/wp\/v2\/users\/60"}],"replies":[{"embeddable":true,"href":"https:\/\/www.radioluna.it\/news\/wp-json\/wp\/v2\/comments?post=232947"}],"version-history":[{"count":0,"href":"https:\/\/www.radioluna.it\/news\/wp-json\/wp\/v2\/posts\/232947\/revisions"}],"wp:attachment":[{"href":"https:\/\/www.radioluna.it\/news\/wp-json\/wp\/v2\/media?parent=232947"}],"wp:term":[{"taxonomy":"category","embeddable":true,"href":"https:\/\/www.radioluna.it\/news\/wp-json\/wp\/v2\/categories?post=232947"},{"taxonomy":"post_tag","embeddable":true,"href":"https:\/\/www.radioluna.it\/news\/wp-json\/wp\/v2\/tags?post=232947"}],"curies":[{"name":"wp","href":"https:\/\/api.w.org\/{rel}","templated":true}]}}