{"id":232989,"date":"2018-10-27T10:11:52","date_gmt":"2018-10-27T08:11:52","guid":{"rendered":"https:\/\/www.radioluna.it\/news\/?p=232989"},"modified":"2018-10-27T11:25:38","modified_gmt":"2018-10-27T09:25:38","slug":"passeggiate-poetiche-tra-il-fortino-di-napoleone-e-il-picco-di-circe","status":"publish","type":"post","link":"https:\/\/www.radioluna.it\/news\/2018\/10\/passeggiate-poetiche-tra-il-fortino-di-napoleone-e-il-picco-di-circe\/","title":{"rendered":"Passeggiate poetiche tra il Fortino di Napoleone e il Picco di Circe"},"content":{"rendered":"<div id=\"fb-root\"><\/div>\n<p style=\"text-align: justify;\"><strong>CIRCEO<\/strong> &#8211;\u00a0 Ultime due Passeggiate Poetiche\u00a0nel Parco Nazionale del Circeo sabato 27 e domenica 28 ottobre organizzate dall&#8217;Associazione Culturale Exotique per promuovere la conoscenza dei sentieri del Parco Nazionale del Circeo attraverso l&#8217;arte e la creativit\u00e0.<\/p>\n<p style=\"text-align: justify;\">SABATO &#8211; Alle 11 di sabato si parte da piazzale San Francesco al Circeo dove il bus navetta attende gli escursionisti per raggiungere la Strada del Sole e proseguire a piedi fino al Fortino Napoleonico tra cenni storici, racconti, letture e incursioni musicali. La passeggiata si svolge sul versante assolato di Quarto Caldo con la storica dell\u2019arte e interprete ambientale del Parco Nazionale del Circeo, Chiara Parlagreco. &#8220;Nel corso della passeggiata\u00a0 &#8211; spiegano gli organizzatori incontreremo due vecchie conoscenze di Exotique, due amici che vengono da Napoli e che alterneranno letture a canzoni lungo il camino. Si tratta di Fede Torre, promessa della nullafacenza che col passare degli anni ha confermato la sua notevole padronanza di questa arte. Promoter, conduttore radiofonico, parlatore \u00e8 tornato adesso alla sua antica attivit\u00e0: scrivere&#8230;cos\u00ec risparmia anche di parlare. Ama definirsi collezionista di immagini di cui scrivere. Insieme a lui Nino Bruno, autore di canzoni, colonne sonore e musiche per il teatro si \u00e8 sempre distinto per il suo personalissimo stile.\u00a0Alcuni suoi brani sono stati usati da Paolo Sorrentino nei suoi film&#8221;.<\/p>\n<p style=\"text-align: justify;\">Seconda passeggiata del fine settimana e ultima della rassegna, domenica 28 Ottobre alle 11 per recuperare la\u00a0Passeggiata Poetica al Picco di Circe con il documentarista\u00a0Alessandro Di Federico,, annullata per maltempo. Raggiunto &#8220;il naso&#8221; si terr\u00e0 il concerto finale di\u00a0Micol Touad\u00ec Trio. &#8220;Alessandro Di Federico ci mostrer\u00e0 il flusso migratorio degli uccelli che sorvolano il Promontorio, mentre il canto sublime di Micol Touad\u00ec, accompagnata da Alessandro Trani al Cajon, e da Andrea Jannicola alla Chitarra Acustica, ci accoglier\u00e0 all\u2019arrivo&#8221;, anticipano da Exotique.<\/p>\n<p>Per entrambe le escursioni i posti sono limitati, la\u00a0prenotazione \u00e8 obbligatoria ed \u00e8 previsto un contributo che comprende\u00a0passeggiata\/assicurazione\/pranzo al sacco\/navetta da\/verso punto di partenza\/concerto<\/p>\n<div class=\"radio-posizionamento-telefono-in-articoli-dopo-il-contenuto-articolo radio-entity-placement\" id=\"radio-708677528\"><div id=\"radio-3650053466\"><a href=\"https:\/\/grupporedi.it\/\" aria-label=\"Redi-Qr\"><img loading=\"lazy\" decoding=\"async\" src=\"https:\/\/www.radioluna.it\/news\/wp-content\/uploads\/2026\/03\/Redi-Qr.jpg\" alt=\"\"  srcset=\"https:\/\/www.radioluna.it\/news\/wp-content\/uploads\/2026\/03\/Redi-Qr.jpg 800w, https:\/\/www.radioluna.it\/news\/wp-content\/uploads\/2026\/03\/Redi-Qr-768x639.jpg 768w\" sizes=\"(max-width: 800px) 100vw, 800px\" width=\"300\" height=\"250\"   \/><\/a><\/div><\/div>","protected":false},"excerpt":{"rendered":"<p>CIRCEO &#8211;\u00a0 Ultime due Passeggiate Poetiche\u00a0nel Parco Nazionale del Circeo sabato 27 e domenica 28 ottobre organizzate dall&#8217;Associazione Culturale Exotique per promuovere la conoscenza dei sentieri del Parco Nazionale del Circeo attraverso l&#8217;arte e la creativit\u00e0. SABATO &#8211; Alle 11 di sabato si parte da piazzale San Francesco al Circeo dove il bus navetta attende [&hellip;]<\/p>\n","protected":false},"author":62,"featured_media":112097,"comment_status":"open","ping_status":"open","sticky":false,"template":"","format":"standard","meta":{"footnotes":""},"categories":[12],"tags":[],"class_list":["post-232989","post","type-post","status-publish","format-standard","has-post-thumbnail","hentry","category-ambiente"],"_links":{"self":[{"href":"https:\/\/www.radioluna.it\/news\/wp-json\/wp\/v2\/posts\/232989","targetHints":{"allow":["GET"]}}],"collection":[{"href":"https:\/\/www.radioluna.it\/news\/wp-json\/wp\/v2\/posts"}],"about":[{"href":"https:\/\/www.radioluna.it\/news\/wp-json\/wp\/v2\/types\/post"}],"author":[{"embeddable":true,"href":"https:\/\/www.radioluna.it\/news\/wp-json\/wp\/v2\/users\/62"}],"replies":[{"embeddable":true,"href":"https:\/\/www.radioluna.it\/news\/wp-json\/wp\/v2\/comments?post=232989"}],"version-history":[{"count":0,"href":"https:\/\/www.radioluna.it\/news\/wp-json\/wp\/v2\/posts\/232989\/revisions"}],"wp:featuredmedia":[{"embeddable":true,"href":"https:\/\/www.radioluna.it\/news\/wp-json\/wp\/v2\/media\/112097"}],"wp:attachment":[{"href":"https:\/\/www.radioluna.it\/news\/wp-json\/wp\/v2\/media?parent=232989"}],"wp:term":[{"taxonomy":"category","embeddable":true,"href":"https:\/\/www.radioluna.it\/news\/wp-json\/wp\/v2\/categories?post=232989"},{"taxonomy":"post_tag","embeddable":true,"href":"https:\/\/www.radioluna.it\/news\/wp-json\/wp\/v2\/tags?post=232989"}],"curies":[{"name":"wp","href":"https:\/\/api.w.org\/{rel}","templated":true}]}}