{"id":232995,"date":"2018-10-27T12:32:07","date_gmt":"2018-10-27T10:32:07","guid":{"rendered":"https:\/\/www.radioluna.it\/news\/?p=232995"},"modified":"2018-10-27T12:32:59","modified_gmt":"2018-10-27T10:32:59","slug":"desiree-il-giorno-degli-interrogatori-mentre-cisterna-prepara-la-fiaccolata","status":"publish","type":"post","link":"https:\/\/www.radioluna.it\/news\/2018\/10\/desiree-il-giorno-degli-interrogatori-mentre-cisterna-prepara-la-fiaccolata\/","title":{"rendered":"Desire\u00e8, il giorno degli interrogatori, mentre Cisterna prepara la fiaccolata"},"content":{"rendered":"<div id=\"fb-root\"><\/div>\n<p style=\"text-align: justify;\"><strong>CISTERNA\u00a0<\/strong> &#8211;\u00a0Sono in corso nel carcere di Regina Coeli gli interrogatori dei tre uomini accusati dell&#8217;omicidio di Desiree Mariottini. Si tratta di due cittadini senegalesi Mamadou Gara, 27 anni, e Brian Minteh, 43 anni e un nigeriano di 46 anni Alinno Chima. Davanti al gip Maria Paola Tomaselli devono rispondere di omicidio volontario, violenza sessuale e cessione di stupefacenti reati pluriaggravati dalla continuazione, dalla crudelt\u00e0 e dai motivi abietti. Gli stessi reati vengono contestati al quarto fermato, Yusif Sali, un cittadino ganese, bloccato ieri a Foggia e trovato anche in possesso di 11 chilogrammi di droga, una pistola giocattolo e del metadone. E&#8217; stato\u00a0 portato nel carcere di Foggia.<\/p>\n<p style=\"text-align: justify;\">E mentre gli interrogatori come detto sono in corso, gli investigatori della squadra mobile coordinati dalla Procura di Roma vanno avanti e cercano le altre persone che secondo il racconto di testimoni erano accanto a Desire\u00e8 quella notte e le davano &#8220;acqua e zucchero&#8221;, mentre poi quando \u00e8 diventata cianotica, l&#8217;hanno lasciata l\u00ec su uno dei materassi dello stabile abbandonato mezza nuda. Ieri la polizia scientifica \u00e8 anche tornata in Via dei Lucani per un sopralluogo durato cinque ore per campionare tracce biologiche che dovranno essere confrontate con quelle trovate sul corpo di Desire\u00e8 e con quelle degli indagati.<\/p>\n<p style=\"text-align: justify;\"><strong>LA FIACCOLATA<\/strong> &#8211; A sette giorni dalla morte della ragazza, Cisterna si prepara a sfilare domani. L&#8217;amministrazione ha annullato tutte le altre manifestazioni perch\u00e9 ogni cittadino possa partecipare nel ricordo e portando la sua solidariet\u00e0 alla famiglia Mariottini. La fiaccolata partir\u00e0 alle 18 da Palazzo Caetani e si scioglier\u00e0 nel quartiere San Valentino dopo aver attraversato tutta la citt\u00e0.<\/p>\n<p style=\"text-align: justify;\">Parteciper\u00e0 il sindaco Carturan che in un post su Fb ha bacchettato i media nazionali: &#8221; Si comprende il risalto che i media nazionali stanno dando alla raccapricciante vicenda di Desir\u00e9e. Non bisogna consentire loro, per\u00f2, di raccontare una cosa per un&#8217;altra. Sia quando parlano delle persone, sia quando tentano di spiegare un contesto cittadino appiccicando un paio di luoghi comuni. Respingiamo con forza le facili etichette e torniamo a riflettere seriamente e silenziosamente sulla tragedia che \u00e8 accaduta&#8221;.<\/p>\n","protected":false},"excerpt":{"rendered":"<p>CISTERNA\u00a0 &#8211;\u00a0Sono in corso nel carcere di Regina Coeli gli interrogatori dei tre uomini accusati dell&#8217;omicidio di Desiree Mariottini. Si tratta di due cittadini senegalesi Mamadou Gara, 27 anni, e Brian Minteh, 43 anni e un nigeriano di 46 anni Alinno Chima. Davanti al gip Maria Paola Tomaselli devono rispondere di omicidio volontario, violenza sessuale [&hellip;]<\/p>\n","protected":false},"author":62,"featured_media":232996,"comment_status":"open","ping_status":"open","sticky":false,"template":"","format":"standard","meta":{"footnotes":""},"categories":[7],"tags":[],"class_list":["post-232995","post","type-post","status-publish","format-standard","has-post-thumbnail","hentry","category-cronaca"],"_links":{"self":[{"href":"https:\/\/www.radioluna.it\/news\/wp-json\/wp\/v2\/posts\/232995","targetHints":{"allow":["GET"]}}],"collection":[{"href":"https:\/\/www.radioluna.it\/news\/wp-json\/wp\/v2\/posts"}],"about":[{"href":"https:\/\/www.radioluna.it\/news\/wp-json\/wp\/v2\/types\/post"}],"author":[{"embeddable":true,"href":"https:\/\/www.radioluna.it\/news\/wp-json\/wp\/v2\/users\/62"}],"replies":[{"embeddable":true,"href":"https:\/\/www.radioluna.it\/news\/wp-json\/wp\/v2\/comments?post=232995"}],"version-history":[{"count":0,"href":"https:\/\/www.radioluna.it\/news\/wp-json\/wp\/v2\/posts\/232995\/revisions"}],"wp:featuredmedia":[{"embeddable":true,"href":"https:\/\/www.radioluna.it\/news\/wp-json\/wp\/v2\/media\/232996"}],"wp:attachment":[{"href":"https:\/\/www.radioluna.it\/news\/wp-json\/wp\/v2\/media?parent=232995"}],"wp:term":[{"taxonomy":"category","embeddable":true,"href":"https:\/\/www.radioluna.it\/news\/wp-json\/wp\/v2\/categories?post=232995"},{"taxonomy":"post_tag","embeddable":true,"href":"https:\/\/www.radioluna.it\/news\/wp-json\/wp\/v2\/tags?post=232995"}],"curies":[{"name":"wp","href":"https:\/\/api.w.org\/{rel}","templated":true}]}}