{"id":233018,"date":"2018-10-28T07:19:28","date_gmt":"2018-10-28T06:19:28","guid":{"rendered":"https:\/\/www.radioluna.it\/news\/?p=233018"},"modified":"2018-10-28T10:25:12","modified_gmt":"2018-10-28T09:25:12","slug":"desiree-gli-assassini-dissero-meglio-che-lei-muore-che-noi-in-galera","status":"publish","type":"post","link":"https:\/\/www.radioluna.it\/news\/2018\/10\/desiree-gli-assassini-dissero-meglio-che-lei-muore-che-noi-in-galera\/","title":{"rendered":"Desire\u00e9, gli assassini dissero: &#8220;Meglio che lei muore che noi in galera&#8221;"},"content":{"rendered":"<div id=\"fb-root\"><\/div>\n<p style=\"text-align: justify;\">LATINA &#8211;\u00a0 &#8220;Meglio che lei muore che noi in galera&#8221;. E&#8217; stata messa nero su bianco la frase pronunciata dal branco mentre si consumavano gli ultimi momenti di vita di Desire\u00e8 Mariottini,\u00a0 imbottita di droga e violentata per ore, mentre diventava cianotica. E&#8217; il Gip a richiamare le parole, nella sua ordinanza con cui convalida il fermo dei primi tre uomini arrestati per l&#8217;omicidio della ragazzina di Cisterna: i senegalesi\u00a0 <span style=\"display: inline !important; float: none; background-color: transparent; color: #333333; cursor: text; font-family: Georgia,'Times New Roman','Bitstream Charter',Times,serif; font-size: 16px; font-style: normal; font-variant: normal; font-weight: 400; letter-spacing: normal; orphans: 2; text-align: left; text-decoration: none; text-indent: 0px; text-transform: none; -webkit-text-stroke-width: 0px; white-space: normal; word-spacing: 0px;\">Brian Minteh, Mamadou Gara e il nigeriano Alinno Chima.<\/span> Per loro le accuse sono di omicidio volontario, stupro di gruppo e cessione di droga, pluriaggravati.<\/p>\n<p style=\"text-align: justify;\">Uno di loro durante l&#8217;interrogatorio davanti al giudice ha parlato cercando di scaricare la responsabilit\u00e0 sugli altri due: &#8220;Si vedeva che era una bambina, non l&#8217;ho toccata&#8221;. E&#8217; rimasto in silenzio il pi\u00f9 giovane del gruppo, che al momento dell&#8217;arresto aveva detto di avere avuto un rapporto con la ragazza perch\u00e9 con lei aveva una storia.\u00a0 Hanno agito &#8220;con pervicacia, crudelt\u00e0 e disinvoltura&#8221; mostrando una &#8220;elevatissima pericolosit\u00e0 e non avendo avuto alcuna remora\u201d, scrive il gip Maria Paola Tomaselli che ha ascoltato i tre fermati nel carcere di Regiona Coeli a Roma dove resteranno detenuti. Come emerso dalle concordanti testimonianze dei tossici che quella notte dentro lo stabile di Via dei Lucani videro la scena e 7-8 persone accanto al corpo moribondo dare acqua e zucchero alla 16enne, gli indagati impedirono di chiamare i soccorsi perch\u00e9 avevano paura delle conseguenze per loro stessi. Cos\u00ec hanno lasciato morire Desire\u00e9.<\/p>\n<p style=\"text-align: justify;\">ANNULLATA LA FIACCOLATA &#8211; Con una decisione inattesa, intanto, \u00e8 stata annullata dal Comune di Cisterna la fiaccolata in ricordo di Desir\u00e9e programmata per domenica 28 ottobre alle ore 18. &#8220;Rinviata a data da destinarsi a seguito dell&#8217;avviso di allerta meteo emesso oggi dall&#8217;Agenzia regionale di Protezione civile del Lazio. Seguir\u00e0 nei prossimi giorni una nuova comunicazione con la data nella quale si svolger\u00e0 la manifestazione&#8221;, si legge in una nota dell&#8217;Amministrazione.<\/p>\n","protected":false},"excerpt":{"rendered":"<p>LATINA &#8211;\u00a0 &#8220;Meglio che lei muore che noi in galera&#8221;. E&#8217; stata messa nero su bianco la frase pronunciata dal branco mentre si consumavano gli ultimi momenti di vita di Desire\u00e8 Mariottini,\u00a0 imbottita di droga e violentata per ore, mentre diventava cianotica. E&#8217; il Gip a richiamare le parole, nella sua ordinanza con cui convalida [&hellip;]<\/p>\n","protected":false},"author":62,"featured_media":0,"comment_status":"open","ping_status":"open","sticky":false,"template":"","format":"standard","meta":{"footnotes":""},"categories":[7],"tags":[],"class_list":["post-233018","post","type-post","status-publish","format-standard","hentry","category-cronaca"],"_links":{"self":[{"href":"https:\/\/www.radioluna.it\/news\/wp-json\/wp\/v2\/posts\/233018","targetHints":{"allow":["GET"]}}],"collection":[{"href":"https:\/\/www.radioluna.it\/news\/wp-json\/wp\/v2\/posts"}],"about":[{"href":"https:\/\/www.radioluna.it\/news\/wp-json\/wp\/v2\/types\/post"}],"author":[{"embeddable":true,"href":"https:\/\/www.radioluna.it\/news\/wp-json\/wp\/v2\/users\/62"}],"replies":[{"embeddable":true,"href":"https:\/\/www.radioluna.it\/news\/wp-json\/wp\/v2\/comments?post=233018"}],"version-history":[{"count":0,"href":"https:\/\/www.radioluna.it\/news\/wp-json\/wp\/v2\/posts\/233018\/revisions"}],"wp:attachment":[{"href":"https:\/\/www.radioluna.it\/news\/wp-json\/wp\/v2\/media?parent=233018"}],"wp:term":[{"taxonomy":"category","embeddable":true,"href":"https:\/\/www.radioluna.it\/news\/wp-json\/wp\/v2\/categories?post=233018"},{"taxonomy":"post_tag","embeddable":true,"href":"https:\/\/www.radioluna.it\/news\/wp-json\/wp\/v2\/tags?post=233018"}],"curies":[{"name":"wp","href":"https:\/\/api.w.org\/{rel}","templated":true}]}}