{"id":233061,"date":"2018-10-29T12:20:29","date_gmt":"2018-10-29T11:20:29","guid":{"rendered":"https:\/\/www.radioluna.it\/news\/?p=233061"},"modified":"2018-10-29T13:09:08","modified_gmt":"2018-10-29T12:09:08","slug":"latina-crolla-il-ramo-di-un-platano-in-via-mazzini-giu-un-albero-a-piazza-santa-maria-goretti","status":"publish","type":"post","link":"https:\/\/www.radioluna.it\/news\/2018\/10\/latina-crolla-il-ramo-di-un-platano-in-via-mazzini-giu-un-albero-a-piazza-santa-maria-goretti\/","title":{"rendered":"Latina, crolla il ramo di un platano in Via Mazzini, gi\u00f9 un albero a piazza Santa Maria Goretti"},"content":{"rendered":"<div id=\"fb-root\"><\/div>\n<p style=\"text-align: justify;\"><strong>LATINA<\/strong> &#8211; Si \u00e8 spezzato ed \u00e8 crollato per le forti raffiche di vento che da questa mattina stanno spazzando Latina, un grosso ramo che si \u00e8 abbattuto proprio al centro di Viale Mazzini, tra Piazza Dante e Piazza del Tribunale, a pochi metri da due scuole. Il platano ha sfiorato alcune auto parcheggiate finendo sulla carreggiata fortunatamente mentre non transitavano auto.<\/p>\n<p style=\"text-align: justify;\">Albero caduto come un birillo anche sul marciapiede di piazza Santa Maria Goretti. Lo stesso in Via Germania dove \u00e8 venuto gi\u00f9 anche un palo della pubblica illuminazione.<\/p>\n<div class=\"radio-posizionamento-telefono-in-articoli-dopo-il-contenuto-articolo radio-entity-placement\" id=\"radio-1708087643\"><div id=\"radio-2192293385\"><a href=\"https:\/\/grupporedi.it\/\" aria-label=\"Redi-Qr\"><img loading=\"lazy\" decoding=\"async\" src=\"https:\/\/www.radioluna.it\/news\/wp-content\/uploads\/2026\/03\/Redi-Qr.jpg\" alt=\"\"  srcset=\"https:\/\/www.radioluna.it\/news\/wp-content\/uploads\/2026\/03\/Redi-Qr.jpg 800w, https:\/\/www.radioluna.it\/news\/wp-content\/uploads\/2026\/03\/Redi-Qr-768x639.jpg 768w\" sizes=\"(max-width: 800px) 100vw, 800px\" width=\"300\" height=\"250\"   \/><\/a><\/div><\/div>","protected":false},"excerpt":{"rendered":"<p>LATINA &#8211; Si \u00e8 spezzato ed \u00e8 crollato per le forti raffiche di vento che da questa mattina stanno spazzando Latina, un grosso ramo che si \u00e8 abbattuto proprio al centro di Viale Mazzini, tra Piazza Dante e Piazza del Tribunale, a pochi metri da due scuole. Il platano ha sfiorato alcune auto parcheggiate finendo [&hellip;]<\/p>\n","protected":false},"author":62,"featured_media":233062,"comment_status":"open","ping_status":"open","sticky":false,"template":"","format":"gallery","meta":{"footnotes":""},"categories":[7,2311],"tags":[],"class_list":["post-233061","post","type-post","status-publish","format-gallery","has-post-thumbnail","hentry","category-cronaca","category-foto","post_format-post-format-gallery"],"_links":{"self":[{"href":"https:\/\/www.radioluna.it\/news\/wp-json\/wp\/v2\/posts\/233061","targetHints":{"allow":["GET"]}}],"collection":[{"href":"https:\/\/www.radioluna.it\/news\/wp-json\/wp\/v2\/posts"}],"about":[{"href":"https:\/\/www.radioluna.it\/news\/wp-json\/wp\/v2\/types\/post"}],"author":[{"embeddable":true,"href":"https:\/\/www.radioluna.it\/news\/wp-json\/wp\/v2\/users\/62"}],"replies":[{"embeddable":true,"href":"https:\/\/www.radioluna.it\/news\/wp-json\/wp\/v2\/comments?post=233061"}],"version-history":[{"count":0,"href":"https:\/\/www.radioluna.it\/news\/wp-json\/wp\/v2\/posts\/233061\/revisions"}],"wp:featuredmedia":[{"embeddable":true,"href":"https:\/\/www.radioluna.it\/news\/wp-json\/wp\/v2\/media\/233062"}],"wp:attachment":[{"href":"https:\/\/www.radioluna.it\/news\/wp-json\/wp\/v2\/media?parent=233061"}],"wp:term":[{"taxonomy":"category","embeddable":true,"href":"https:\/\/www.radioluna.it\/news\/wp-json\/wp\/v2\/categories?post=233061"},{"taxonomy":"post_tag","embeddable":true,"href":"https:\/\/www.radioluna.it\/news\/wp-json\/wp\/v2\/tags?post=233061"}],"curies":[{"name":"wp","href":"https:\/\/api.w.org\/{rel}","templated":true}]}}