{"id":233268,"date":"2018-10-31T15:24:02","date_gmt":"2018-10-31T14:24:02","guid":{"rendered":"https:\/\/www.radioluna.it\/news\/?p=233268"},"modified":"2018-10-31T15:24:02","modified_gmt":"2018-10-31T14:24:02","slug":"tromba-daria-medici-in-perlustrazione-a-sperlonga-fondi-e-terracina","status":"publish","type":"post","link":"https:\/\/www.radioluna.it\/news\/2018\/10\/tromba-daria-medici-in-perlustrazione-a-sperlonga-fondi-e-terracina\/","title":{"rendered":"Tromba d&#8217;aria, Medici in perlustrazione a Sperlonga, Fondi e Terracina"},"content":{"rendered":"<div id=\"fb-root\"><\/div>\n<p style=\"text-align: justify;\">TERRACINA &#8211; Il presidente della Provincia Carlo Medici, accompagnato dal dirigente del Settore agricoltura della Regione Lazio Mauro Lasagna, questa mattina ha effettuato un vasto giro di ricognizione sul territorio provinciale per valutare i danni provocati dall\u2019ondata di maltempo di luned\u00ec.<\/p>\n<p style=\"text-align: justify;\">Le verifiche si sono concentrate in particolare su Sperlonga, Fondi e Terracina, centri che hanno sub\u00ecto le conseguenze pi\u00f9 pesanti anche sul fronte delle attivit\u00e0 agricole, pesantemente danneggiate dal vento e dalla pioggia. Il sopralluogo \u00e8 stato una presa d\u2019atto sul campo in vista della predisposizione della comunicazione contenente l\u2019indicazione\u00a0 &#8211; spiegano in una nota dall&#8217;Ente di Via Costa &#8211; dei centri colpiti che deve essere presentata alla Regione Lazio al massimo entro cinque giorni per poi essere inseriti nell\u2019iter per il risarcimento dei danni da calamit\u00e0 naturali.<\/p>\n<p style=\"text-align: justify;\">\u201cL\u2019ondata di maltempo di luned\u00ec ha pesantemente colpito alcune aree del nostro territorio. La Provincia \u2013 spiega il presidente Carlo Medici \u2013 si sta attivando per supportare sia coloro che hanno avuto danni da calamit\u00e0 naturali che i privati o gli enti pubblici per situazioni di emergenza avendo riportato danni a cose o immobili, come \u00e8 accaduto a molti edifici ad esempio. Siamo vicini a tutte le comunit\u00e0 colpite da questa ondata di maltempo \u2013 conclude \u2013 e ci stiamo muovendo per supportare in ogni modo sia le aziende agricole che le amministrazioni che tutti i soggetti danneggiati\u201d.<\/p>\n<div class=\"radio-posizionamento-telefono-in-articoli-dopo-il-contenuto-articolo radio-entity-placement\" id=\"radio-1284967771\"><div id=\"radio-1844379548\" style=\"width: 300px;height: 250px;\"><a href=\"https:\/\/www.icarspa.it\/auto\/usate\/latina\/\" aria-label=\"banner aprile icar new life &#8211; auto usate latina\"><img loading=\"lazy\" decoding=\"async\" src=\"https:\/\/www.radioluna.it\/news\/wp-content\/uploads\/2026\/02\/banner-aprile-icar-new-life-auto-usate-latina.gif\" alt=\"\"  width=\"300\" height=\"250\"   \/><\/a><\/div><\/div>","protected":false},"excerpt":{"rendered":"<p>TERRACINA &#8211; Il presidente della Provincia Carlo Medici, accompagnato dal dirigente del Settore agricoltura della Regione Lazio Mauro Lasagna, questa mattina ha effettuato un vasto giro di ricognizione sul territorio provinciale per valutare i danni provocati dall\u2019ondata di maltempo di luned\u00ec. Le verifiche si sono concentrate in particolare su Sperlonga, Fondi e Terracina, centri che [&hellip;]<\/p>\n","protected":false},"author":60,"featured_media":233269,"comment_status":"open","ping_status":"open","sticky":false,"template":"","format":"standard","meta":{"footnotes":""},"categories":[7],"tags":[],"class_list":["post-233268","post","type-post","status-publish","format-standard","has-post-thumbnail","hentry","category-cronaca"],"_links":{"self":[{"href":"https:\/\/www.radioluna.it\/news\/wp-json\/wp\/v2\/posts\/233268","targetHints":{"allow":["GET"]}}],"collection":[{"href":"https:\/\/www.radioluna.it\/news\/wp-json\/wp\/v2\/posts"}],"about":[{"href":"https:\/\/www.radioluna.it\/news\/wp-json\/wp\/v2\/types\/post"}],"author":[{"embeddable":true,"href":"https:\/\/www.radioluna.it\/news\/wp-json\/wp\/v2\/users\/60"}],"replies":[{"embeddable":true,"href":"https:\/\/www.radioluna.it\/news\/wp-json\/wp\/v2\/comments?post=233268"}],"version-history":[{"count":0,"href":"https:\/\/www.radioluna.it\/news\/wp-json\/wp\/v2\/posts\/233268\/revisions"}],"wp:featuredmedia":[{"embeddable":true,"href":"https:\/\/www.radioluna.it\/news\/wp-json\/wp\/v2\/media\/233269"}],"wp:attachment":[{"href":"https:\/\/www.radioluna.it\/news\/wp-json\/wp\/v2\/media?parent=233268"}],"wp:term":[{"taxonomy":"category","embeddable":true,"href":"https:\/\/www.radioluna.it\/news\/wp-json\/wp\/v2\/categories?post=233268"},{"taxonomy":"post_tag","embeddable":true,"href":"https:\/\/www.radioluna.it\/news\/wp-json\/wp\/v2\/tags?post=233268"}],"curies":[{"name":"wp","href":"https:\/\/api.w.org\/{rel}","templated":true}]}}