{"id":233319,"date":"2018-11-01T08:51:30","date_gmt":"2018-11-01T07:51:30","guid":{"rendered":"https:\/\/www.radioluna.it\/news\/?p=233319"},"modified":"2018-11-01T08:51:30","modified_gmt":"2018-11-01T07:51:30","slug":"cesare-battisti-nessuna-fuga-bolsonaro-non-puo-estradarmi","status":"publish","type":"post","link":"https:\/\/www.radioluna.it\/news\/2018\/11\/cesare-battisti-nessuna-fuga-bolsonaro-non-puo-estradarmi\/","title":{"rendered":"Cesare Battisti, nessuna fuga: &#8220;Bolsonaro non pu\u00f2 estradarmi&#8221;"},"content":{"rendered":"<div id=\"fb-root\"><\/div>\n<p>(foto da wikipedia)<\/p>\n<p style=\"text-align: justify;\">LATINA &#8211; La vicenda dell&#8217;ex terrorista di Sermoneta Cesare Battisti \u00e8 tornata ad occupare prepotentemente la cronaca dopo l&#8217;elezione in Brasile di Bolsonaro che in campagna elettorale ne aveva promesso\u00a0 l&#8217;estradizione. A poche ore dall&#8217;elezione del neo presidente un piccolo mistero aveva poi circondato l&#8217;ex leader dei Pac condannato in Italia a quattro ergastoli, fuggito prima in Francia dove \u00e8 diventato romanziere e da qui in Brasile, dove \u00e8 stato accolto dal Presidente Lula che ne ha sempre impedito il ritorno in Italia chiesto a gran voce da pi\u00f9 governi e dai parenti delle vittime Battisti infatti era scomparso dalla sua casa in Brasile. Ora per\u00f2 riappare e in un&#8217; intervista a\u00a0 Radio Rai, smentisce\u00a0 di essere fuggito e si dice certo di poter restare in Brasile : \u201cNessuna fuga, assolutamente. In Italia possono dire quello che vogliono. Io sto andando a casa ed \u00e8 tutto tranquillo\u201d, spiegando poi: &#8220;Vado a San Paolo una volta al mese, per cinque giorni, per ragioni mediche. Questa volta anche per trattare la pubblicazione del mio libro\u201d, ha spiegato l&#8217;ex terrorista di origini pontine.<\/p>\n<p style=\"text-align: justify;\">Battisti si \u00e8 anche detto certo di essere al sicuro, protetto dalla legge: \u201cBolsonaro pu\u00f2 dire quello che vuole, io sono protetto dalla Corte Suprema. Le sue sono solo parole, fanfaronate. Lui non pu\u00f2 fare niente, c\u2019\u00e8 una giustizia, io per la giustizia sono protetto, lui non ha nulla a che vedere con questo\u201d.<\/p>\n<div class=\"radio-posizionamento-telefono-in-articoli-dopo-il-contenuto-articolo radio-entity-placement\" id=\"radio-1043102730\"><div id=\"radio-3369171367\"><a href=\"https:\/\/grupporedi.it\/\" aria-label=\"Redi-Qr\"><img loading=\"lazy\" decoding=\"async\" src=\"https:\/\/www.radioluna.it\/news\/wp-content\/uploads\/2026\/03\/Redi-Qr.jpg\" alt=\"\"  srcset=\"https:\/\/www.radioluna.it\/news\/wp-content\/uploads\/2026\/03\/Redi-Qr.jpg 800w, https:\/\/www.radioluna.it\/news\/wp-content\/uploads\/2026\/03\/Redi-Qr-768x639.jpg 768w\" sizes=\"(max-width: 800px) 100vw, 800px\" width=\"300\" height=\"250\"   \/><\/a><\/div><\/div>","protected":false},"excerpt":{"rendered":"<p>(foto da wikipedia) LATINA &#8211; La vicenda dell&#8217;ex terrorista di Sermoneta Cesare Battisti \u00e8 tornata ad occupare prepotentemente la cronaca dopo l&#8217;elezione in Brasile di Bolsonaro che in campagna elettorale ne aveva promesso\u00a0 l&#8217;estradizione. A poche ore dall&#8217;elezione del neo presidente un piccolo mistero aveva poi circondato l&#8217;ex leader dei Pac condannato in Italia a [&hellip;]<\/p>\n","protected":false},"author":62,"featured_media":198392,"comment_status":"open","ping_status":"open","sticky":false,"template":"","format":"standard","meta":{"footnotes":""},"categories":[7],"tags":[],"class_list":["post-233319","post","type-post","status-publish","format-standard","has-post-thumbnail","hentry","category-cronaca"],"_links":{"self":[{"href":"https:\/\/www.radioluna.it\/news\/wp-json\/wp\/v2\/posts\/233319","targetHints":{"allow":["GET"]}}],"collection":[{"href":"https:\/\/www.radioluna.it\/news\/wp-json\/wp\/v2\/posts"}],"about":[{"href":"https:\/\/www.radioluna.it\/news\/wp-json\/wp\/v2\/types\/post"}],"author":[{"embeddable":true,"href":"https:\/\/www.radioluna.it\/news\/wp-json\/wp\/v2\/users\/62"}],"replies":[{"embeddable":true,"href":"https:\/\/www.radioluna.it\/news\/wp-json\/wp\/v2\/comments?post=233319"}],"version-history":[{"count":0,"href":"https:\/\/www.radioluna.it\/news\/wp-json\/wp\/v2\/posts\/233319\/revisions"}],"wp:featuredmedia":[{"embeddable":true,"href":"https:\/\/www.radioluna.it\/news\/wp-json\/wp\/v2\/media\/198392"}],"wp:attachment":[{"href":"https:\/\/www.radioluna.it\/news\/wp-json\/wp\/v2\/media?parent=233319"}],"wp:term":[{"taxonomy":"category","embeddable":true,"href":"https:\/\/www.radioluna.it\/news\/wp-json\/wp\/v2\/categories?post=233319"},{"taxonomy":"post_tag","embeddable":true,"href":"https:\/\/www.radioluna.it\/news\/wp-json\/wp\/v2\/tags?post=233319"}],"curies":[{"name":"wp","href":"https:\/\/api.w.org\/{rel}","templated":true}]}}