{"id":233326,"date":"2018-11-01T09:15:34","date_gmt":"2018-11-01T08:15:34","guid":{"rendered":"https:\/\/www.radioluna.it\/news\/?p=233326"},"modified":"2018-11-01T09:15:34","modified_gmt":"2018-11-01T08:15:34","slug":"autismo-ieri-oggi-e-domani-convegno-a-latina","status":"publish","type":"post","link":"https:\/\/www.radioluna.it\/news\/2018\/11\/autismo-ieri-oggi-e-domani-convegno-a-latina\/","title":{"rendered":"Autismo ieri, oggi e domani, convegno a Latina"},"content":{"rendered":"<div id=\"fb-root\"><\/div>\n<p style=\"text-align: justify;\">LATINA &#8211;\u00a0 \u201cAutismo ieri, oggi e\u2026.. domani\u201d \u00e8 il titolo di un convegno che si terr\u00e0 marted\u00ec 6 novembre nell&#8217;auditorium del Liceo Scientifico G. B. Grassi in Via Padre Sant\u2019Agostino 8, organizzato dall\u2019Associazione di Promozione Sociale Forma Mentis, in collaborazione con il Centro Polispecialistico San Giuseppe di Latina e l\u2019associazione LatinAutismo.<br \/>\n\u201cSecondo le ultime stime \u2013 spiegano\u00a0 gli organizzatori &#8211; un bambino su 68 soffre di sindrome dello spettro autistico. Il numero dei maschi con autismo \u00e8 di 4-5 volte superiore a quello delle femmine. I farmaci specifici contro questo disturbo non esistono, mentre ve ne sono pochi che danno modesti risultati e soltanto per alcune manifestazioni associate all&#8217;autismo. L\u2019autismo\u00a0\u00e8 un punto interrogativo a cui la scienza ancora non \u00e8 riuscita a dare risposte: per questo non \u00e8 possibile parlare di cure risolutive della malattia e spesso le famiglie si ritrovano completamente abbandonate e senza gli strumenti adeguati per poter far fronte alla malattia dei figli.\u201d<br \/>\nAl convegno interverr\u00e0 la dottoressa Maria Luisa Scattoni, coordinatrice del Network per il riconoscimento precoce dei disturbi dello spettro autistico, membro del Servizio di Coordinamento e di Supporto alla Ricerca dell\u2019Istituto Superiore di Sanit\u00e0 di Roma. La dottoressa Scattoni sostiene che riconoscere precocemente significa avere la possibilit\u00e0 di intervenire precocemente, riducendo cos\u00ec l&#8217;impatto di tali disturbi nella vita dei bambini e dei loro familiari. \u201cil potenziamento di questo network &#8211; afferma\u00a0Maria Luisa Scattoni, ci permetter\u00e0 non solo di diffondere su tutto il territorio italiano il protocollo di valutazione ma anche di identificare marcatori precoci, anche biologici, e validati scientificamente su un vasto campione di bambini\u201d.<br \/>\nRecenti studi hanno evidenziato come i bambini colpiti da questi disturbi presentino, gi\u00e0 nelle prime settimane di vita, alcune anomalie nel pianto e nel movimento spontaneo. Se questi dati venissero confermati in un pi\u00f9 ampio campione e sar\u00e0 possibile associare tali anomalie ad alcune caratteristiche cliniche e biologiche dei pazienti presi in esame, potr\u00e0 essere attivato un monitoraggio per la loro identificazione precoce, gi\u00e0 nel primo anno di vita, ed attivato un intervento precoce che sia il pi\u00f9 possibile intensivo e individualizzato.<br \/>\nLa sindrome dello spettro autistico \u00e8 passata da essere un disturbo gravemente invalidante, in cui solo il 25% delle persone diagnosticate arrivava a sviluppare comunicazione verbale negli anni 80, a circa il 75% dei soggetti diagnosticati, di oggi, in grado di sviluppare comunicazione verbale con un conseguente cambiamento di sviluppo ed una riduzione della disabilit\u00e0 nell&#8217;arco vita. In meno di 70 anni, dalla classificazione del disturbo, l&#8217;impatto sulle persone con ASD in termini di miglioramento della qualit\u00e0 di vita \u00e8 stato notevole. Questi risultati, sebbene ancora non ottimali, sostengono l\u2019importanza di una diagnosi sempre pi\u00f9 precoce e nell\u2019applicazione di trattamenti basati sull\u2019evidenza scientifica per consentire l\u2019aumento delle possibilit\u00e0 di inclusione e fornire sostegno a chi ne \u00e8 affetto e alle loro famiglie.<\/p>\n<div class=\"radio-posizionamento-telefono-in-articoli-dopo-il-contenuto-articolo radio-entity-placement\" id=\"radio-3972079475\"><div id=\"radio-194389481\" style=\"width: 300px;height: 250px;\"><a href=\"https:\/\/www.icarspa.it\/auto\/usate\/latina\/\" aria-label=\"banner aprile icar new life &#8211; auto usate latina\"><img loading=\"lazy\" decoding=\"async\" src=\"https:\/\/www.radioluna.it\/news\/wp-content\/uploads\/2026\/02\/banner-aprile-icar-new-life-auto-usate-latina.gif\" alt=\"\"  width=\"300\" height=\"250\"   \/><\/a><\/div><\/div>","protected":false},"excerpt":{"rendered":"<p>LATINA &#8211;\u00a0 \u201cAutismo ieri, oggi e\u2026.. domani\u201d \u00e8 il titolo di un convegno che si terr\u00e0 marted\u00ec 6 novembre nell&#8217;auditorium del Liceo Scientifico G. B. Grassi in Via Padre Sant\u2019Agostino 8, organizzato dall\u2019Associazione di Promozione Sociale Forma Mentis, in collaborazione con il Centro Polispecialistico San Giuseppe di Latina e l\u2019associazione LatinAutismo. \u201cSecondo le ultime stime [&hellip;]<\/p>\n","protected":false},"author":60,"featured_media":233327,"comment_status":"open","ping_status":"open","sticky":false,"template":"","format":"standard","meta":{"footnotes":""},"categories":[16],"tags":[],"class_list":["post-233326","post","type-post","status-publish","format-standard","has-post-thumbnail","hentry","category-appuntamenti"],"_links":{"self":[{"href":"https:\/\/www.radioluna.it\/news\/wp-json\/wp\/v2\/posts\/233326","targetHints":{"allow":["GET"]}}],"collection":[{"href":"https:\/\/www.radioluna.it\/news\/wp-json\/wp\/v2\/posts"}],"about":[{"href":"https:\/\/www.radioluna.it\/news\/wp-json\/wp\/v2\/types\/post"}],"author":[{"embeddable":true,"href":"https:\/\/www.radioluna.it\/news\/wp-json\/wp\/v2\/users\/60"}],"replies":[{"embeddable":true,"href":"https:\/\/www.radioluna.it\/news\/wp-json\/wp\/v2\/comments?post=233326"}],"version-history":[{"count":0,"href":"https:\/\/www.radioluna.it\/news\/wp-json\/wp\/v2\/posts\/233326\/revisions"}],"wp:featuredmedia":[{"embeddable":true,"href":"https:\/\/www.radioluna.it\/news\/wp-json\/wp\/v2\/media\/233327"}],"wp:attachment":[{"href":"https:\/\/www.radioluna.it\/news\/wp-json\/wp\/v2\/media?parent=233326"}],"wp:term":[{"taxonomy":"category","embeddable":true,"href":"https:\/\/www.radioluna.it\/news\/wp-json\/wp\/v2\/categories?post=233326"},{"taxonomy":"post_tag","embeddable":true,"href":"https:\/\/www.radioluna.it\/news\/wp-json\/wp\/v2\/tags?post=233326"}],"curies":[{"name":"wp","href":"https:\/\/api.w.org\/{rel}","templated":true}]}}