{"id":233368,"date":"2018-11-07T10:29:08","date_gmt":"2018-11-07T09:29:08","guid":{"rendered":"https:\/\/www.radioluna.it\/news\/?p=233368"},"modified":"2018-11-07T11:21:31","modified_gmt":"2018-11-07T10:21:31","slug":"aprilia-2-festeggia-i-suoi-primi-15-anni","status":"publish","type":"post","link":"https:\/\/www.radioluna.it\/news\/2018\/11\/aprilia-2-festeggia-i-suoi-primi-15-anni\/","title":{"rendered":"Aprilia 2 festeggia i suoi primi 15 anni"},"content":{"rendered":"<div id=\"fb-root\"><\/div>\n<p style=\"text-align: justify;\"><strong>APRILIA<\/strong> &#8211;\u00a0Maddalena Corvaglia e Cristiano Malgioglio festeggeranno i primi 15 anni del Centro Commerciale Aprilia 2. Sabato 10 e domenica 11 novembre due giorni di divertimento in compagnia di ospiti, majorette e fuochi pirotecnici. Gli ospiti scelti per l&#8217;evento sono la\u00a0 bella conduttrice televisiva e showgirl italiana Maddalena Corvagliache terr\u00e0 compagnia al pubblico il 10 novembre\u00a0 e il cantautore e opinionista Cristiano Malgioglio, la cui presenza \u00e8 prevista per la giornata dell&#8217;11.<\/p>\n<p style=\"text-align: justify;\">La festa inizier\u00e0 sabato 10 novembre, nel pomeriggio, con uno spettacolo di Majorette, che catalizzeranno l\u2019attenzione degli spettatori con il fascino e la danza coordinata a ritmo di musica, portando un\u2019ondata di allegria.<\/p>\n<p style=\"text-align: justify;\">Ospite speciale di sabato sar\u00e0 la conduttrice televisiva e showgirl Maddalena Corvaglia, che saluter\u00e0 il pubblico e verr\u00e0 invitata sul palco allestito per l\u2019occasione ad Aprilia2. La conduttrice, seguitissima su Instagram e sui social network, presenter\u00e0 la nuova App di Aprilia2 e si prester\u00e0 eccezionalmente a scattare foto con il pubblico.<\/p>\n<p style=\"text-align: justify;\">Il pomeriggio di domenica 11 novembre si aprir\u00e0 con una nuova esibizione delle Majorette e sar\u00e0 dedicato alla musica con l\u2019intervento del cantautore e paroliere Cristano Malgioglio che si esibir\u00e0 davanti al pubblico di Aprilia2 con uno spettacolo musicale.<\/p>\n<p style=\"text-align: justify;\">Domenica sera, a conclusione della festa, i visitatori potranno assistere ad un grande spettacolo pirotecnico, che si svolger\u00e0 nel parcheggio antistante e potr\u00e0 essere ammirato anche nelle zone circostanti.<\/p>\n<p style=\"text-align: justify;\">&#8220;Candeline accese per i quindici anni di Aprilia2, un traguardo importante per un centro commerciale che, negli anni, si \u00e8 inserito perfettamente nel tessuto economico e sociale del territorio &#8211; dicono gli organizzatori &#8211;\u00a0 proponendo tante iniziative ed eventi rivolti ai giovani e alle famiglie. Aprilia2 vi aspetta invitandovi a partecipare numerosi per condividere insieme l\u2019emozione della festa&#8221;.<\/p>\n<p>&nbsp;<\/p>\n<div class=\"radio-posizionamento-telefono-in-articoli-dopo-il-contenuto-articolo radio-entity-placement\" id=\"radio-1050068312\"><div id=\"radio-2988171901\" style=\"width: 300px;height: 250px;\"><a href=\"https:\/\/www.icarspa.it\/auto\/usate\/latina\/\" aria-label=\"banner aprile icar new life &#8211; auto usate latina\"><img loading=\"lazy\" decoding=\"async\" src=\"https:\/\/www.radioluna.it\/news\/wp-content\/uploads\/2026\/02\/banner-aprile-icar-new-life-auto-usate-latina.gif\" alt=\"\"  width=\"300\" height=\"250\"   \/><\/a><\/div><\/div>","protected":false},"excerpt":{"rendered":"<p>APRILIA &#8211;\u00a0Maddalena Corvaglia e Cristiano Malgioglio festeggeranno i primi 15 anni del Centro Commerciale Aprilia 2. Sabato 10 e domenica 11 novembre due giorni di divertimento in compagnia di ospiti, majorette e fuochi pirotecnici. Gli ospiti scelti per l&#8217;evento sono la\u00a0 bella conduttrice televisiva e showgirl italiana Maddalena Corvagliache terr\u00e0 compagnia al pubblico il 10 [&hellip;]<\/p>\n","protected":false},"author":60,"featured_media":233369,"comment_status":"open","ping_status":"open","sticky":false,"template":"","format":"standard","meta":{"footnotes":""},"categories":[16],"tags":[],"class_list":["post-233368","post","type-post","status-publish","format-standard","has-post-thumbnail","hentry","category-appuntamenti"],"_links":{"self":[{"href":"https:\/\/www.radioluna.it\/news\/wp-json\/wp\/v2\/posts\/233368","targetHints":{"allow":["GET"]}}],"collection":[{"href":"https:\/\/www.radioluna.it\/news\/wp-json\/wp\/v2\/posts"}],"about":[{"href":"https:\/\/www.radioluna.it\/news\/wp-json\/wp\/v2\/types\/post"}],"author":[{"embeddable":true,"href":"https:\/\/www.radioluna.it\/news\/wp-json\/wp\/v2\/users\/60"}],"replies":[{"embeddable":true,"href":"https:\/\/www.radioluna.it\/news\/wp-json\/wp\/v2\/comments?post=233368"}],"version-history":[{"count":0,"href":"https:\/\/www.radioluna.it\/news\/wp-json\/wp\/v2\/posts\/233368\/revisions"}],"wp:featuredmedia":[{"embeddable":true,"href":"https:\/\/www.radioluna.it\/news\/wp-json\/wp\/v2\/media\/233369"}],"wp:attachment":[{"href":"https:\/\/www.radioluna.it\/news\/wp-json\/wp\/v2\/media?parent=233368"}],"wp:term":[{"taxonomy":"category","embeddable":true,"href":"https:\/\/www.radioluna.it\/news\/wp-json\/wp\/v2\/categories?post=233368"},{"taxonomy":"post_tag","embeddable":true,"href":"https:\/\/www.radioluna.it\/news\/wp-json\/wp\/v2\/tags?post=233368"}],"curies":[{"name":"wp","href":"https:\/\/api.w.org\/{rel}","templated":true}]}}