{"id":233644,"date":"2018-11-07T13:23:31","date_gmt":"2018-11-07T12:23:31","guid":{"rendered":"https:\/\/www.radioluna.it\/news\/?p=233644"},"modified":"2018-11-08T19:53:55","modified_gmt":"2018-11-08T18:53:55","slug":"clemente-pernarella-il-nuovo-cattivo-di-rosy-abate-la-serie","status":"publish","type":"post","link":"https:\/\/www.radioluna.it\/news\/2018\/11\/clemente-pernarella-il-nuovo-cattivo-di-rosy-abate-la-serie\/","title":{"rendered":"Clemente Pernarella, il nuovo cattivo di Rosy Abate-la serie"},"content":{"rendered":"<div id=\"fb-root\"><\/div>\n<p style=\"text-align: justify;\"><strong>LATINA<\/strong> &#8211; Nella seconda stagione di Rosy Abate &#8211; <em>La Serie<\/em>, che si sta girando in questi giorni, \u00e8 un avvocato elegantissimo e altrettanto spregiudicato, uno dei nuovi cattivi della fiction prodotta da Taodue con la sempre mafiosa Giulia Michelini. Sta girando a Napoli, Clemente Pernarella, attore e regista di Latina, direttore artistico del teatro Fellini di Pontinia dove gli abbonamenti saranno come il caff\u00e8 al bar nel capoluogo partenopeo: &#8220;sospesi&#8221;, ovvero offerti da chi pu\u00f2 pagarli, e in attesa di essere usati da chi, per ragioni varie, non potrebbe permetterseli. Lo scopriamo per caso, chiacchierando con l&#8217;attore che torna in tv con questo nuovo personaggio e con l&#8217;entusiasmo di sempre:\u00a0&#8220;Mi diverte moltissimo fare il cattivo e poi girare a Napoli, che \u00e8 una citt\u00e0 meravigliosa dove si viene contagiati da un modo di pensare diverso, che forse \u00e8 quello giusto. Poi c&#8217;\u00e8 un bellissimo cast e una bella produzione, curata, tutto bello&#8221;.\u00a0 Si finisce di girare a dicembre, poi a primavera la nuova serie sar\u00e0 in onda su Canale 5.<\/p>\n<p><strong>ASCOLTA CLEMENTE PERNARELLA<\/strong><\/p>\n<audio class=\"wp-audio-shortcode\" id=\"audio-233644-1\" preload=\"none\" style=\"width: 100%;\" controls=\"controls\"><source type=\"audio\/mpeg\" src=\"https:\/\/www.radioluna.it\/news\/wp-content\/uploads\/2018\/11\/pernarela-per-sito-senza-base.mp3?_=1\" \/><a href=\"https:\/\/www.radioluna.it\/news\/wp-content\/uploads\/2018\/11\/pernarela-per-sito-senza-base.mp3\">https:\/\/www.radioluna.it\/news\/wp-content\/uploads\/2018\/11\/pernarela-per-sito-senza-base.mp3<\/a><\/audio>\n<p style=\"text-align: justify;\">Rosy Abate &#8211; La serie\u00a0\u00e8 una serie televisiva italiana ideata da\u00a0Pietro Valsecchi\u00a0e prodotta da\u00a0Taodue come spin-off di Squadra antimafia &#8211; Palermo oggi, riprendendo il personaggio principale e pi\u00f9 amato, quello di\u00a0Rosy Abate, interpretato appunto da Giulia Michelini.<\/p>\n<div class=\"radio-posizionamento-telefono-in-articoli-dopo-il-contenuto-articolo radio-entity-placement\" id=\"radio-1009616434\"><div id=\"radio-1927597749\" style=\"width: 300px;height: 250px;\"><a href=\"https:\/\/www.icarspa.it\/auto\/usate\/latina\/\" aria-label=\"banner aprile icar new life &#8211; auto usate latina\"><img loading=\"lazy\" decoding=\"async\" src=\"https:\/\/www.radioluna.it\/news\/wp-content\/uploads\/2026\/02\/banner-aprile-icar-new-life-auto-usate-latina.gif\" alt=\"\"  width=\"300\" height=\"250\"   \/><\/a><\/div><\/div>","protected":false},"excerpt":{"rendered":"<p>LATINA &#8211; Nella seconda stagione di Rosy Abate &#8211; La Serie, che si sta girando in questi giorni, \u00e8 un avvocato elegantissimo e altrettanto spregiudicato, uno dei nuovi cattivi della fiction prodotta da Taodue con la sempre mafiosa Giulia Michelini. Sta girando a Napoli, Clemente Pernarella, attore e regista di Latina, direttore artistico del teatro [&hellip;]<\/p>\n","protected":false},"author":62,"featured_media":233645,"comment_status":"open","ping_status":"open","sticky":false,"template":"","format":"standard","meta":{"footnotes":""},"categories":[735,2310],"tags":[],"class_list":["post-233644","post","type-post","status-publish","format-standard","has-post-thumbnail","hentry","category-attualita","category-audio"],"_links":{"self":[{"href":"https:\/\/www.radioluna.it\/news\/wp-json\/wp\/v2\/posts\/233644","targetHints":{"allow":["GET"]}}],"collection":[{"href":"https:\/\/www.radioluna.it\/news\/wp-json\/wp\/v2\/posts"}],"about":[{"href":"https:\/\/www.radioluna.it\/news\/wp-json\/wp\/v2\/types\/post"}],"author":[{"embeddable":true,"href":"https:\/\/www.radioluna.it\/news\/wp-json\/wp\/v2\/users\/62"}],"replies":[{"embeddable":true,"href":"https:\/\/www.radioluna.it\/news\/wp-json\/wp\/v2\/comments?post=233644"}],"version-history":[{"count":0,"href":"https:\/\/www.radioluna.it\/news\/wp-json\/wp\/v2\/posts\/233644\/revisions"}],"wp:featuredmedia":[{"embeddable":true,"href":"https:\/\/www.radioluna.it\/news\/wp-json\/wp\/v2\/media\/233645"}],"wp:attachment":[{"href":"https:\/\/www.radioluna.it\/news\/wp-json\/wp\/v2\/media?parent=233644"}],"wp:term":[{"taxonomy":"category","embeddable":true,"href":"https:\/\/www.radioluna.it\/news\/wp-json\/wp\/v2\/categories?post=233644"},{"taxonomy":"post_tag","embeddable":true,"href":"https:\/\/www.radioluna.it\/news\/wp-json\/wp\/v2\/tags?post=233644"}],"curies":[{"name":"wp","href":"https:\/\/api.w.org\/{rel}","templated":true}]}}