{"id":233654,"date":"2018-11-07T13:50:19","date_gmt":"2018-11-07T12:50:19","guid":{"rendered":"https:\/\/www.radioluna.it\/news\/?p=233654"},"modified":"2018-11-07T13:50:19","modified_gmt":"2018-11-07T12:50:19","slug":"convegno-a-latina-su-decreto-dignita-che-cosa-cambia-per-le-imprese","status":"publish","type":"post","link":"https:\/\/www.radioluna.it\/news\/2018\/11\/convegno-a-latina-su-decreto-dignita-che-cosa-cambia-per-le-imprese\/","title":{"rendered":"Convegno a Latina su &#8220;Decreto Dignit\u00e0, che cosa cambia per le imprese&#8221;"},"content":{"rendered":"<div id=\"fb-root\"><\/div>\n<p style=\"text-align: justify;\"><strong>LATINA<\/strong> &#8211; Venerd\u00ec 9 novembre al\u00a0Foro Appio Mansio Hotel di Latina si terr\u00e0 un incontro della serie Caff\u00e8 di Lavoro: colloqui di diritto del lavoro. Il tema \u00e8\u00a0 \u201cLa nuova flessibilit\u00e0 alla luce del Decreto Dignit\u00e0: cosa cambia per le imprese\u201c, primo di una serie di iniziative dedicate ad aziende e professionisti per riflettere e aggiornarsi sui cambiamenti in materia di flessibilit\u00e0 introdotti dal recente\u00a0Decreto Dignit\u00e0.<\/p>\n<p style=\"text-align: justify;\">Il\u00a0Legge n. 96 del 9 agosto 2018\u00a0di conversione del\u00a0D.L. n. 87\/2018\u00a0meglio conosciuta come\u00a0\u201cDecreto Dignit\u00e0\u201d\u00a0ha apportato infatti\u00a0 &#8211; spiegano gli organizzatori &#8211; importanti novit\u00e0 in materia di diritto del lavoro. Le pi\u00f9 significative riguardano i\u00a0contratti di lavoro a termine e di somministrazione, il parziale reimpiego dei\u00a0voucher, l\u2019introduzione di\u00a0bonus assunzionali per le aziende\u00a0e i\u00a0licenziamenti ingiustificati.<\/p>\n<p style=\"text-align: justify;\">Il convegno \u00e8 gratuito e su invito pertanto \u00e8 necessario confermare la propria partecipazione alla mail:\u00a0comunicazione@centroeuropeo.it<\/p>\n<p>Programma:<\/p>\n<p>ore 9.30 \u2013 caff\u00e8 di benvenuto<\/p>\n<p>ore 10.00 \u2013 Introduzione<br \/>\nPierpaolo Pontecorvo \u2013 Direttore Centro Europeo di Studi Manageriali<\/p>\n<p>Intervengono:<\/p>\n<p>Avv. Raffaele Riccardi \u2013 Giuslavorista<br \/>\nProf. Luigi Fiorillo \u2013 Ordinario diritto del lavoro<\/p>\n<p>Per informazioni: Centro Europeo di Studi Manageriali Tel. 0771\/771676 \u2013\u00a0comunicazione@centroeuropeo.it<\/p>\n<p>&nbsp;<\/p>\n<div class=\"radio-posizionamento-telefono-in-articoli-dopo-il-contenuto-articolo radio-entity-placement\" id=\"radio-3603773907\"><div id=\"radio-351827979\"><a href=\"https:\/\/www.simeoneceramiche.com\/\" aria-label=\"SIMEONE CERAMICHE GIF animata per radioluna_Tavola disegno 1 copia 2 (online-video-cutter.com)\"><img loading=\"lazy\" decoding=\"async\" src=\"https:\/\/www.radioluna.it\/news\/wp-content\/uploads\/2025\/05\/SIMEONE-CERAMICHE-GIF-animata-per-radioluna_Tavola-disegno-1-copia-2-online-video-cutter.com_.gif\" alt=\"\"  width=\"300\" height=\"250\"   \/><\/a><\/div><\/div>","protected":false},"excerpt":{"rendered":"<p>LATINA &#8211; Venerd\u00ec 9 novembre al\u00a0Foro Appio Mansio Hotel di Latina si terr\u00e0 un incontro della serie Caff\u00e8 di Lavoro: colloqui di diritto del lavoro. Il tema \u00e8\u00a0 \u201cLa nuova flessibilit\u00e0 alla luce del Decreto Dignit\u00e0: cosa cambia per le imprese\u201c, primo di una serie di iniziative dedicate ad aziende e professionisti per riflettere e [&hellip;]<\/p>\n","protected":false},"author":60,"featured_media":233655,"comment_status":"open","ping_status":"open","sticky":false,"template":"","format":"standard","meta":{"footnotes":""},"categories":[16],"tags":[],"class_list":["post-233654","post","type-post","status-publish","format-standard","has-post-thumbnail","hentry","category-appuntamenti"],"_links":{"self":[{"href":"https:\/\/www.radioluna.it\/news\/wp-json\/wp\/v2\/posts\/233654","targetHints":{"allow":["GET"]}}],"collection":[{"href":"https:\/\/www.radioluna.it\/news\/wp-json\/wp\/v2\/posts"}],"about":[{"href":"https:\/\/www.radioluna.it\/news\/wp-json\/wp\/v2\/types\/post"}],"author":[{"embeddable":true,"href":"https:\/\/www.radioluna.it\/news\/wp-json\/wp\/v2\/users\/60"}],"replies":[{"embeddable":true,"href":"https:\/\/www.radioluna.it\/news\/wp-json\/wp\/v2\/comments?post=233654"}],"version-history":[{"count":0,"href":"https:\/\/www.radioluna.it\/news\/wp-json\/wp\/v2\/posts\/233654\/revisions"}],"wp:featuredmedia":[{"embeddable":true,"href":"https:\/\/www.radioluna.it\/news\/wp-json\/wp\/v2\/media\/233655"}],"wp:attachment":[{"href":"https:\/\/www.radioluna.it\/news\/wp-json\/wp\/v2\/media?parent=233654"}],"wp:term":[{"taxonomy":"category","embeddable":true,"href":"https:\/\/www.radioluna.it\/news\/wp-json\/wp\/v2\/categories?post=233654"},{"taxonomy":"post_tag","embeddable":true,"href":"https:\/\/www.radioluna.it\/news\/wp-json\/wp\/v2\/tags?post=233654"}],"curies":[{"name":"wp","href":"https:\/\/api.w.org\/{rel}","templated":true}]}}