{"id":233691,"date":"2018-11-08T07:17:18","date_gmt":"2018-11-08T06:17:18","guid":{"rendered":"https:\/\/www.radioluna.it\/news\/?p=233691"},"modified":"2018-11-08T07:17:18","modified_gmt":"2018-11-08T06:17:18","slug":"rapine-nel-centro-nord-italia-arrestato-marcello-caponi","status":"publish","type":"post","link":"https:\/\/www.radioluna.it\/news\/2018\/11\/rapine-nel-centro-nord-italia-arrestato-marcello-caponi\/","title":{"rendered":"Rapine nel centro nord Italia, arrestato Marcello Caponi"},"content":{"rendered":"<div id=\"fb-root\"><\/div>\n<p>(nella foto il dirigente della Squadra Mobile di Latina Carmine Mosca)<\/p>\n<p style=\"text-align: justify;\"><strong>LATINA<\/strong> &#8211; Ha commesso una serie di rapine a Latina e in Emilia, Marcello Caponi, 44 anni \u00e8 finito in carcere arrestato dagli agenti della squadra mobile di Latina che hanno eseguito l&#8217;ordine di esecuzione di pene concorrenti emesso dal Tribunale di Reggio Emilia. Pi\u00f9 processi contro l&#8217;uomo che aveva cominciato ad avere i primi guai con la giustizia all&#8217;et\u00e0 di vent&#8217;anni, pi\u00f9 condanne ormai divenute definitive per un cumulo di pene passato da 8 a 6 anni 4 mesi e otto giorni di reclusione che ha cominciato a scontare ieri dopo essere stato raggiunto nella sua abitazione di Latina per essere trasferito nel carcere di Via Aspromonte.<\/p>\n<p style=\"text-align: justify;\">Molte le indagini che negli anno lo hanno visto coinvolto per rapine, estorsione, tentato omicidio, ma anche spaccio di sostanze stupefacenti, detenzione illegale di armi, evasione, violazione della sorveglianza speciale di P.S., commessi non solo a Latina, ma in varie citt\u00e0 del centro &#8211; nord Italia &#8211; ricordano dalla Questura &#8211;\u00a0Negli ultimi anni si era reso irreperibile evadendo dagli arresti domiciliari, reato per il quale era stato rintracciato nel quartiere Q4 e arrestato il 26 gennaio dello scorso anno dalla squadra mobile di Latina.<\/p>\n<div class=\"radio-posizionamento-telefono-in-articoli-dopo-il-contenuto-articolo radio-entity-placement\" id=\"radio-8781829\"><div id=\"radio-2493532885\" style=\"width: 300px;height: 250px;\"><a href=\"https:\/\/www.icarspa.it\/auto\/usate\/latina\/\" aria-label=\"banner aprile icar new life &#8211; auto usate latina\"><img loading=\"lazy\" decoding=\"async\" src=\"https:\/\/www.radioluna.it\/news\/wp-content\/uploads\/2026\/02\/banner-aprile-icar-new-life-auto-usate-latina.gif\" alt=\"\"  width=\"300\" height=\"250\"   \/><\/a><\/div><\/div>","protected":false},"excerpt":{"rendered":"<p>(nella foto il dirigente della Squadra Mobile di Latina Carmine Mosca) LATINA &#8211; Ha commesso una serie di rapine a Latina e in Emilia, Marcello Caponi, 44 anni \u00e8 finito in carcere arrestato dagli agenti della squadra mobile di Latina che hanno eseguito l&#8217;ordine di esecuzione di pene concorrenti emesso dal Tribunale di Reggio Emilia. [&hellip;]<\/p>\n","protected":false},"author":62,"featured_media":0,"comment_status":"open","ping_status":"open","sticky":false,"template":"","format":"standard","meta":{"footnotes":""},"categories":[7],"tags":[],"class_list":["post-233691","post","type-post","status-publish","format-standard","hentry","category-cronaca"],"_links":{"self":[{"href":"https:\/\/www.radioluna.it\/news\/wp-json\/wp\/v2\/posts\/233691","targetHints":{"allow":["GET"]}}],"collection":[{"href":"https:\/\/www.radioluna.it\/news\/wp-json\/wp\/v2\/posts"}],"about":[{"href":"https:\/\/www.radioluna.it\/news\/wp-json\/wp\/v2\/types\/post"}],"author":[{"embeddable":true,"href":"https:\/\/www.radioluna.it\/news\/wp-json\/wp\/v2\/users\/62"}],"replies":[{"embeddable":true,"href":"https:\/\/www.radioluna.it\/news\/wp-json\/wp\/v2\/comments?post=233691"}],"version-history":[{"count":0,"href":"https:\/\/www.radioluna.it\/news\/wp-json\/wp\/v2\/posts\/233691\/revisions"}],"wp:attachment":[{"href":"https:\/\/www.radioluna.it\/news\/wp-json\/wp\/v2\/media?parent=233691"}],"wp:term":[{"taxonomy":"category","embeddable":true,"href":"https:\/\/www.radioluna.it\/news\/wp-json\/wp\/v2\/categories?post=233691"},{"taxonomy":"post_tag","embeddable":true,"href":"https:\/\/www.radioluna.it\/news\/wp-json\/wp\/v2\/tags?post=233691"}],"curies":[{"name":"wp","href":"https:\/\/api.w.org\/{rel}","templated":true}]}}