{"id":233699,"date":"2018-11-08T08:26:37","date_gmt":"2018-11-08T07:26:37","guid":{"rendered":"https:\/\/www.radioluna.it\/news\/?p=233699"},"modified":"2018-11-09T08:03:11","modified_gmt":"2018-11-09T07:03:11","slug":"latina-iniziato-lo-sgombero-del-colosseo-operazione-interforze","status":"publish","type":"post","link":"https:\/\/www.radioluna.it\/news\/2018\/11\/latina-iniziato-lo-sgombero-del-colosseo-operazione-interforze\/","title":{"rendered":"Latina, iniziato lo sgombero del Colosseo: dieci persone denunciate"},"content":{"rendered":"<div id=\"fb-root\"><\/div>\n<p><iframe loading=\"lazy\" title=\"Luna Notizie - Sgombero al Colosseo\" width=\"740\" height=\"416\" src=\"https:\/\/www.youtube.com\/embed\/_9odt85tTxs?feature=oembed\" frameborder=\"0\" allow=\"accelerometer; autoplay; clipboard-write; encrypted-media; gyroscope; picture-in-picture; web-share\" referrerpolicy=\"strict-origin-when-cross-origin\" allowfullscreen><\/iframe><\/p>\n<p style=\"text-align: justify;\"><strong>LATINA<\/strong> &#8211; Dieci persone sono state denunciate durante lo sgombero dei locali occupati abusivamente al Colosseo di Latina annunciato questa mattina da una massiccia presenza di forze di polizia. Sotto il grande edificio semicircolare di 8 piani, composto da 14 scale, dove gli uffici vuoti\u00a0 al primo e secondo piano sono stati progressivamente trasformati in abitazioni, hanno controllato lo svolgimento delle operazioni, polizia,\u00a0 carabinieri, guardia di finanza, vigili urbani e vigili del fuoco. Presente sul posto anche la Asl. Fino ad ora le operazioni si stanno svolgendo ordinatamente. Al termine della giornata sono stati liberati 14 locali.<\/p>\n<p style=\"text-align: justify;\">Il caso degli uffici occupati al Colosseo era esploso gi\u00e0 nell&#8217;inverno del 2016\u00a0 con l&#8217;azione dell\u2019Inps\u00a0 che \u00e8 proprietario dei locali, che aveva presentato un esposto presso la Procura della Repubblica di Latina. In origine erano circa 90 gli abusivi entrati al Colosseo, che si erano anche allacciati abusivamente ai contatori non essendo attive le utenze nei locali occupati, generando poi le proteste degli altri residenti che nel corso degli anni hanno subito anche intimidazioni. Pi\u00f9 volte hanno chiamato le Forze dell&#8217;ordine per intervenire e ripristinare la legalit\u00e0.<\/p>\n<p style=\"text-align: justify;\">Qualcuno ha lasciato la casa in modo autonomo gi\u00e0 nei giorni scorsi, oggi invece sono state liberate una decina di abitazioni occupate da persone note alle forze dell&#8217;ordine. Sul posto c&#8217;\u00e8 anche un fabbro che ha provveduto a bloccare le serrature. Gli alloggi verranno ora riconsegnati all&#8217;Inps che ne \u00e8 proprietario e che dovr\u00e0 tenere alta la guardia affinch\u00e8 non si verifichino ulteriori situazioni di illegalit\u00e0.<\/p>\n<p style=\"text-align: justify;\">SERVIZI SOCIALI &#8211; I\u00a0Servizi Sociali sono stati chiamati a gestire gli effetti dell\u2019operazione &#8211; dice l&#8217;assessora Patrizia Ciccarelli &#8211; Sono intervenuti sin dalle prime luci dell\u2019alba per supportare le persone coinvolte. Le operatrici del Pronto Intervento Sociale hanno gestito tutte le situazioni, soprattutto quelle di particolare vulnerabilit\u00e0. L\u2019intervento di oggi\u00a0 &#8211; aggiunge Ciccarelli &#8211; \u00e8 stato svolto in emergenza, i Servizi Sociali hanno sulla base delle valutazioni fatte in itinere, ma restano impegnati per gestire le situazioni pi\u00f9 complesse che si presenteranno&#8221;.<\/p>\n<p style=\"text-align: justify;\">I RESIDENTI: &#8220;FINALMENTE&#8221; &#8211; I residenti intanto tirano un sospiro di sollievo: &#8220;Era diventata una situazione insostenibile, eravamo prigionieri delle nostre case che non potevamo neanche rivendere perch\u00e9 il prezzo si era svalutato enormemente. Ora speriamo che non accada di nuovo&#8221;.<\/p>\n<p>L&#8217;operazione di oggi \u00e8 stata decisa\u00a0 &#8211; si legge in una nota della Questura\u00a0 &#8211; in Prefettura in sede di Comitato per l\u2019Ordine e Sicurezza Pubblica, cos\u00ec come recentemente sollecitato dalle direttive del Ministero dell\u2019Interno, per il\u00a0 ripristino della legalit\u00e0 e il recupero delle aree degradate dei centri urbani.<\/p>\n<p>&nbsp;<\/p>\n<div class=\"radio-posizionamento-telefono-in-articoli-dopo-il-contenuto-articolo radio-entity-placement\" id=\"radio-2742831385\"><div id=\"radio-4027664124\"><a href=\"https:\/\/grupporedi.it\/\" aria-label=\"Redi-Qr\"><img loading=\"lazy\" decoding=\"async\" src=\"https:\/\/www.radioluna.it\/news\/wp-content\/uploads\/2026\/03\/Redi-Qr.jpg\" alt=\"\"  srcset=\"https:\/\/www.radioluna.it\/news\/wp-content\/uploads\/2026\/03\/Redi-Qr.jpg 800w, https:\/\/www.radioluna.it\/news\/wp-content\/uploads\/2026\/03\/Redi-Qr-768x639.jpg 768w\" sizes=\"(max-width: 800px) 100vw, 800px\" width=\"300\" height=\"250\"   \/><\/a><\/div><\/div>","protected":false},"excerpt":{"rendered":"<p>LATINA &#8211; Dieci persone sono state denunciate durante lo sgombero dei locali occupati abusivamente al Colosseo di Latina annunciato questa mattina da una massiccia presenza di forze di polizia. Sotto il grande edificio semicircolare di 8 piani, composto da 14 scale, dove gli uffici vuoti\u00a0 al primo e secondo piano sono stati progressivamente trasformati in [&hellip;]<\/p>\n","protected":false},"author":62,"featured_media":233700,"comment_status":"open","ping_status":"open","sticky":false,"template":"","format":"video","meta":{"footnotes":""},"categories":[7],"tags":[],"class_list":["post-233699","post","type-post","status-publish","format-video","has-post-thumbnail","hentry","category-cronaca","post_format-post-format-video"],"_links":{"self":[{"href":"https:\/\/www.radioluna.it\/news\/wp-json\/wp\/v2\/posts\/233699","targetHints":{"allow":["GET"]}}],"collection":[{"href":"https:\/\/www.radioluna.it\/news\/wp-json\/wp\/v2\/posts"}],"about":[{"href":"https:\/\/www.radioluna.it\/news\/wp-json\/wp\/v2\/types\/post"}],"author":[{"embeddable":true,"href":"https:\/\/www.radioluna.it\/news\/wp-json\/wp\/v2\/users\/62"}],"replies":[{"embeddable":true,"href":"https:\/\/www.radioluna.it\/news\/wp-json\/wp\/v2\/comments?post=233699"}],"version-history":[{"count":0,"href":"https:\/\/www.radioluna.it\/news\/wp-json\/wp\/v2\/posts\/233699\/revisions"}],"wp:featuredmedia":[{"embeddable":true,"href":"https:\/\/www.radioluna.it\/news\/wp-json\/wp\/v2\/media\/233700"}],"wp:attachment":[{"href":"https:\/\/www.radioluna.it\/news\/wp-json\/wp\/v2\/media?parent=233699"}],"wp:term":[{"taxonomy":"category","embeddable":true,"href":"https:\/\/www.radioluna.it\/news\/wp-json\/wp\/v2\/categories?post=233699"},{"taxonomy":"post_tag","embeddable":true,"href":"https:\/\/www.radioluna.it\/news\/wp-json\/wp\/v2\/tags?post=233699"}],"curies":[{"name":"wp","href":"https:\/\/api.w.org\/{rel}","templated":true}]}}