{"id":233846,"date":"2018-11-10T07:34:10","date_gmt":"2018-11-10T06:34:10","guid":{"rendered":"https:\/\/www.radioluna.it\/news\/?p=233846"},"modified":"2018-11-10T07:37:09","modified_gmt":"2018-11-10T06:37:09","slug":"tentano-la-rapina-in-banca-a-sperlonga-due-banditi-presi-dai-carabinieri","status":"publish","type":"post","link":"https:\/\/www.radioluna.it\/news\/2018\/11\/tentano-la-rapina-in-banca-a-sperlonga-due-banditi-presi-dai-carabinieri\/","title":{"rendered":"Tentano la rapina in banca a Sperlonga, due banditi presi dai carabinieri"},"content":{"rendered":"<div id=\"fb-root\"><\/div>\n<p style=\"text-align: justify;\"><strong>SPERLONGA<\/strong> &#8211; E&#8217; finito con alcuni spari e la cattura dei banditi, il tentativo da parte di tre uomini di rapinare la sede di Via Romita del Monte dei Paschi di Siena di Sperlonga. Una scena da film che la citt\u00e0 ricorder\u00e0 per un po&#8217;, senza dubbio rester\u00e0 impressa nella mente dei dipendenti, uno dei quali si \u00e8 visto puntare alla gola un taglierino che lo ha ferito, sia pure in maniera non grave.<\/p>\n<p style=\"text-align: justify;\">E&#8217; accaduto ieri pomeriggio intorno alle 15 quando due giovani a volto scoperto sono entrati nell&#8217;istituto di credito e hanno intimato ad un cassiere di sbloccare la porta. Ed \u00e8 stata proprio questa procedura eseguita in maniera anomala da parte del dipendente, a far scattare l&#8217;allarme. I carabinieri sono arrivati sul posto e dopo un breve inseguimento hanno catturato i due rapinatori. Non si \u00e8 trovato invece, nonostante le ricerche immediate in tutta la citt\u00e0 che \u00e8 stata cinturata dai militari, il terzo uomo che faceva da palo.<\/p>\n","protected":false},"excerpt":{"rendered":"<p>SPERLONGA &#8211; E&#8217; finito con alcuni spari e la cattura dei banditi, il tentativo da parte di tre uomini di rapinare la sede di Via Romita del Monte dei Paschi di Siena di Sperlonga. Una scena da film che la citt\u00e0 ricorder\u00e0 per un po&#8217;, senza dubbio rester\u00e0 impressa nella mente dei dipendenti, uno dei [&hellip;]<\/p>\n","protected":false},"author":62,"featured_media":233848,"comment_status":"open","ping_status":"open","sticky":false,"template":"","format":"standard","meta":{"footnotes":""},"categories":[7],"tags":[],"class_list":["post-233846","post","type-post","status-publish","format-standard","has-post-thumbnail","hentry","category-cronaca"],"_links":{"self":[{"href":"https:\/\/www.radioluna.it\/news\/wp-json\/wp\/v2\/posts\/233846","targetHints":{"allow":["GET"]}}],"collection":[{"href":"https:\/\/www.radioluna.it\/news\/wp-json\/wp\/v2\/posts"}],"about":[{"href":"https:\/\/www.radioluna.it\/news\/wp-json\/wp\/v2\/types\/post"}],"author":[{"embeddable":true,"href":"https:\/\/www.radioluna.it\/news\/wp-json\/wp\/v2\/users\/62"}],"replies":[{"embeddable":true,"href":"https:\/\/www.radioluna.it\/news\/wp-json\/wp\/v2\/comments?post=233846"}],"version-history":[{"count":0,"href":"https:\/\/www.radioluna.it\/news\/wp-json\/wp\/v2\/posts\/233846\/revisions"}],"wp:featuredmedia":[{"embeddable":true,"href":"https:\/\/www.radioluna.it\/news\/wp-json\/wp\/v2\/media\/233848"}],"wp:attachment":[{"href":"https:\/\/www.radioluna.it\/news\/wp-json\/wp\/v2\/media?parent=233846"}],"wp:term":[{"taxonomy":"category","embeddable":true,"href":"https:\/\/www.radioluna.it\/news\/wp-json\/wp\/v2\/categories?post=233846"},{"taxonomy":"post_tag","embeddable":true,"href":"https:\/\/www.radioluna.it\/news\/wp-json\/wp\/v2\/tags?post=233846"}],"curies":[{"name":"wp","href":"https:\/\/api.w.org\/{rel}","templated":true}]}}