{"id":233874,"date":"2018-11-10T09:17:29","date_gmt":"2018-11-10T08:17:29","guid":{"rendered":"https:\/\/www.radioluna.it\/news\/?p=233874"},"modified":"2018-11-11T12:23:08","modified_gmt":"2018-11-11T11:23:08","slug":"deepinto-la-prima-personale-di-fulvio-vignapiano","status":"publish","type":"post","link":"https:\/\/www.radioluna.it\/news\/2018\/11\/deepinto-la-prima-personale-di-fulvio-vignapiano\/","title":{"rendered":"Deepinto, la prima personale di Fulvio Vignapiano"},"content":{"rendered":"<div id=\"fb-root\"><\/div>\n<p><!-- Embedded with Magic Embeds - https:\/\/magicembeds.com --><\/p>\n<div class=\"wef-measure\" style=\"max-width: 1000px;\"><\/div>\n<div class=\"fb-video\" data-href=\"https:\/\/www.facebook.com\/fulvio.vignapiano\/videos\/10218139626944474\/\" data-allowfullscreen=\"false\" data-autoplay=\"false\" data-width=\"1000\" data-show-text=\"false\" data-show-captions=\"true\"><\/div>\n<p style=\"text-align: justify;\"><strong>LATINA<\/strong> &#8211; E&#8217; stata inaugurata venerd\u00ec 9 novembre al Gabbiano di Latina, Deepinto, la prima personale di Fulvio Vignapiano. Il debutto come grafico, subito in vista per le sue ingegnose campagne pubblicitarie, ha sviluppato in lungo e in largo il suo percorso artistico, arricchendolo di contenuti e di sfumature, di forma e di sostanza, e oggi si definisce cos\u00ec: &#8220;Graphic designer, art director, illustratore, copywriter, pittore. Tanti modi diversi per definire solo il mio bisogno di creare&#8221;.\u00a0 La mostra allestita negli spazi di Viale XVIII dicembre rester\u00e0 visitabile fino all&#8217;11 novembre.<\/p>\n<p style=\"text-align: justify;\">&#8220;I temi traslati in prosa artistica sono attinti dall\u2019esperienza diretta con la vita, con il comune quotidiano &#8211; spiega Francesca Piovan che ha presentato la mostra e l&#8217;artista: le attuali e distorte forme di comunicazione imperanti in un dubbio presente, la mitizzazione di ambigui, quanto blandi, esempi di televisiva sostanza, a cui fanno da contraltare quelle forme care agli ironici anni \u201960 statunitensi. Forse, e il condizionale \u00e8 d\u2019obbligo perch\u00e9 non esistono interpretazioni univocamente assolute, il vero soggetto del lessico di Vignapiano \u00e8 quella netta inquietudine che aleggia sospesa e rarefatta, ed ancora il soggetto \u00e8 l\u2019interrogarsi ed interrogare, \u00e8 una serie di quesiti cui l\u2019astante \u00e8 chiamato a rispondere&#8221;.<\/p>\n<p>&nbsp;<\/p>\n<div class=\"radio-posizionamento-telefono-in-articoli-dopo-il-contenuto-articolo radio-entity-placement\" id=\"radio-3116707776\"><div id=\"radio-1101466466\" style=\"width: 300px;height: 250px;\"><a href=\"https:\/\/www.icarspa.it\/auto\/usate\/latina\/\" aria-label=\"banner aprile icar new life &#8211; auto usate latina\"><img loading=\"lazy\" decoding=\"async\" src=\"https:\/\/www.radioluna.it\/news\/wp-content\/uploads\/2026\/02\/banner-aprile-icar-new-life-auto-usate-latina.gif\" alt=\"\"  width=\"300\" height=\"250\"   \/><\/a><\/div><\/div>","protected":false},"excerpt":{"rendered":"<p>LATINA &#8211; E&#8217; stata inaugurata venerd\u00ec 9 novembre al Gabbiano di Latina, Deepinto, la prima personale di Fulvio Vignapiano. Il debutto come grafico, subito in vista per le sue ingegnose campagne pubblicitarie, ha sviluppato in lungo e in largo il suo percorso artistico, arricchendolo di contenuti e di sfumature, di forma e di sostanza, e [&hellip;]<\/p>\n","protected":false},"author":62,"featured_media":233876,"comment_status":"open","ping_status":"open","sticky":false,"template":"","format":"standard","meta":{"footnotes":""},"categories":[16],"tags":[],"class_list":["post-233874","post","type-post","status-publish","format-standard","has-post-thumbnail","hentry","category-appuntamenti"],"_links":{"self":[{"href":"https:\/\/www.radioluna.it\/news\/wp-json\/wp\/v2\/posts\/233874","targetHints":{"allow":["GET"]}}],"collection":[{"href":"https:\/\/www.radioluna.it\/news\/wp-json\/wp\/v2\/posts"}],"about":[{"href":"https:\/\/www.radioluna.it\/news\/wp-json\/wp\/v2\/types\/post"}],"author":[{"embeddable":true,"href":"https:\/\/www.radioluna.it\/news\/wp-json\/wp\/v2\/users\/62"}],"replies":[{"embeddable":true,"href":"https:\/\/www.radioluna.it\/news\/wp-json\/wp\/v2\/comments?post=233874"}],"version-history":[{"count":0,"href":"https:\/\/www.radioluna.it\/news\/wp-json\/wp\/v2\/posts\/233874\/revisions"}],"wp:featuredmedia":[{"embeddable":true,"href":"https:\/\/www.radioluna.it\/news\/wp-json\/wp\/v2\/media\/233876"}],"wp:attachment":[{"href":"https:\/\/www.radioluna.it\/news\/wp-json\/wp\/v2\/media?parent=233874"}],"wp:term":[{"taxonomy":"category","embeddable":true,"href":"https:\/\/www.radioluna.it\/news\/wp-json\/wp\/v2\/categories?post=233874"},{"taxonomy":"post_tag","embeddable":true,"href":"https:\/\/www.radioluna.it\/news\/wp-json\/wp\/v2\/tags?post=233874"}],"curies":[{"name":"wp","href":"https:\/\/api.w.org\/{rel}","templated":true}]}}