{"id":233896,"date":"2018-11-10T12:57:42","date_gmt":"2018-11-10T11:57:42","guid":{"rendered":"https:\/\/www.radioluna.it\/news\/?p=233896"},"modified":"2018-11-10T12:57:42","modified_gmt":"2018-11-10T11:57:42","slug":"maltempo-per-le-segnalazioni-la-provincia-istituisce-un-indirizzo-mail","status":"publish","type":"post","link":"https:\/\/www.radioluna.it\/news\/2018\/11\/maltempo-per-le-segnalazioni-la-provincia-istituisce-un-indirizzo-mail\/","title":{"rendered":"Maltempo, per le segnalazioni la Provincia istituisce un indirizzo mail"},"content":{"rendered":"<div id=\"fb-root\"><\/div>\n<p style=\"text-align: justify;\"><strong>LATINA<\/strong> &#8211; La Provincia di Latina, cos\u00ec come da impegno assunto nel corso del Consiglio provinciale del 30 ottobre scorso, ha organizzato un \u201cpunto\u201d di riferimento per le segnalazioni delle criticit\u00e0 conseguenti all\u2019ondata di maltempo e alla tromba d\u2019aria che nelle scorse settimane hanno colpito con particolare violenza il territorio pontino.<\/p>\n<p style=\"text-align: justify;\">Nei giorni scorsi \u00e8 stato quindi istituito un indirizzo di posta elettronica dedicato al quale i Comuni possono segnalare i danni e le criticit\u00e0 provocati dagli eventi metereologici pi\u00f9 recenti: in questo modo la Provincia potr\u00e0 raccogliere tutte le istanze delle amministrazioni necessarie per poter poi avviare l\u2019iter per il riconoscimento dei danni e delle calamit\u00e0 naturali presso gli organismi preposti.<\/p>\n<p style=\"text-align: justify;\">L\u2019indirizzo di posta elettronica al quale i Comuni potranno inviare richieste \u00e8 il seguente: emergenzameteo@provincia.latina.it.<\/p>\n<p style=\"text-align: justify;\">\u201cCome promesso ci siamo attivati per supportare coloro che hanno avuto danni da calamit\u00e0 naturali dando seguito all\u2019impegno preso in Consiglio \u2013 spiega il presidente della Provincia Carlo Medici \u2013 e istituito questo indirizzo come servizio per agevolare i sindaci e le amministrazioni nelle segnalazioni e nelle comunicazioni. In questo modo abbiamo la possibilit\u00e0 di raccogliere tutte le istanze in maniera organizzata per poi muoverci come previsto dalle procedure per ottenere le certificazioni necessarie ai risarcimenti\u201d.<\/p>\n","protected":false},"excerpt":{"rendered":"<p>LATINA &#8211; La Provincia di Latina, cos\u00ec come da impegno assunto nel corso del Consiglio provinciale del 30 ottobre scorso, ha organizzato un \u201cpunto\u201d di riferimento per le segnalazioni delle criticit\u00e0 conseguenti all\u2019ondata di maltempo e alla tromba d\u2019aria che nelle scorse settimane hanno colpito con particolare violenza il territorio pontino. Nei giorni scorsi \u00e8 [&hellip;]<\/p>\n","protected":false},"author":60,"featured_media":233432,"comment_status":"open","ping_status":"open","sticky":false,"template":"","format":"standard","meta":{"footnotes":""},"categories":[7],"tags":[],"class_list":["post-233896","post","type-post","status-publish","format-standard","has-post-thumbnail","hentry","category-cronaca"],"_links":{"self":[{"href":"https:\/\/www.radioluna.it\/news\/wp-json\/wp\/v2\/posts\/233896","targetHints":{"allow":["GET"]}}],"collection":[{"href":"https:\/\/www.radioluna.it\/news\/wp-json\/wp\/v2\/posts"}],"about":[{"href":"https:\/\/www.radioluna.it\/news\/wp-json\/wp\/v2\/types\/post"}],"author":[{"embeddable":true,"href":"https:\/\/www.radioluna.it\/news\/wp-json\/wp\/v2\/users\/60"}],"replies":[{"embeddable":true,"href":"https:\/\/www.radioluna.it\/news\/wp-json\/wp\/v2\/comments?post=233896"}],"version-history":[{"count":0,"href":"https:\/\/www.radioluna.it\/news\/wp-json\/wp\/v2\/posts\/233896\/revisions"}],"wp:featuredmedia":[{"embeddable":true,"href":"https:\/\/www.radioluna.it\/news\/wp-json\/wp\/v2\/media\/233432"}],"wp:attachment":[{"href":"https:\/\/www.radioluna.it\/news\/wp-json\/wp\/v2\/media?parent=233896"}],"wp:term":[{"taxonomy":"category","embeddable":true,"href":"https:\/\/www.radioluna.it\/news\/wp-json\/wp\/v2\/categories?post=233896"},{"taxonomy":"post_tag","embeddable":true,"href":"https:\/\/www.radioluna.it\/news\/wp-json\/wp\/v2\/tags?post=233896"}],"curies":[{"name":"wp","href":"https:\/\/api.w.org\/{rel}","templated":true}]}}