{"id":234029,"date":"2018-11-15T14:32:16","date_gmt":"2018-11-15T13:32:16","guid":{"rendered":"https:\/\/www.radioluna.it\/news\/?p=234029"},"modified":"2018-11-16T20:18:36","modified_gmt":"2018-11-16T19:18:36","slug":"il-lavoro-in-una-societa-che-cambia-a-latina-convegno-di-federlazio","status":"publish","type":"post","link":"https:\/\/www.radioluna.it\/news\/2018\/11\/il-lavoro-in-una-societa-che-cambia-a-latina-convegno-di-federlazio\/","title":{"rendered":"Il Lavoro in una societ\u00e0 che cambia, a Latina convegno di Federlazio"},"content":{"rendered":"<div id=\"fb-root\"><\/div>\n<p style=\"text-align: justify;\"><strong>LATINA &#8211;<\/strong> Si parler\u00e0 di <em>Lavoro in una societ\u00e0 che cambia<\/em> venerd\u00ec prossimo 16 novembre, alle 10 nella sala convegni della Facolt\u00e0 di Economia e Commercio dell&#8217;Universit\u00e0 Sapienza di Latina.\u00a0Verranno illustrati gli ultimi dati del Censis alla presenza di istituzioni e sindacati. Parteciperanno ai lavori anche il Sottosegretario al Ministero del Lavoro, Claudio Durigon e l&#8217;assessore al Lavoro della Regione Lazio Claudio Di Berardino che tireranno le conclusioni insieme con il direttore di Federlazio Claudio Malagola. Interverranno il sindaco di Latina, Damiano Coletta, il Presidente della Provincia, Carlo Medici e i segretari provinciali di Cgil, Cisl, Uil e Ugl.<\/p>\n<p>&nbsp;<\/p>\n<div class=\"radio-posizionamento-telefono-in-articoli-dopo-il-contenuto-articolo radio-entity-placement\" id=\"radio-2364190578\"><div id=\"radio-1304768264\"><a href=\"https:\/\/www.simeoneceramiche.com\/\" aria-label=\"SIMEONE CERAMICHE GIF animata per radioluna_Tavola disegno 1 copia 2 (online-video-cutter.com)\"><img loading=\"lazy\" decoding=\"async\" src=\"https:\/\/www.radioluna.it\/news\/wp-content\/uploads\/2025\/05\/SIMEONE-CERAMICHE-GIF-animata-per-radioluna_Tavola-disegno-1-copia-2-online-video-cutter.com_.gif\" alt=\"\"  width=\"300\" height=\"250\"   \/><\/a><\/div><\/div>","protected":false},"excerpt":{"rendered":"<p>LATINA &#8211; Si parler\u00e0 di Lavoro in una societ\u00e0 che cambia venerd\u00ec prossimo 16 novembre, alle 10 nella sala convegni della Facolt\u00e0 di Economia e Commercio dell&#8217;Universit\u00e0 Sapienza di Latina.\u00a0Verranno illustrati gli ultimi dati del Censis alla presenza di istituzioni e sindacati. Parteciperanno ai lavori anche il Sottosegretario al Ministero del Lavoro, Claudio Durigon e [&hellip;]<\/p>\n","protected":false},"author":62,"featured_media":234030,"comment_status":"open","ping_status":"open","sticky":false,"template":"","format":"standard","meta":{"footnotes":""},"categories":[16],"tags":[],"class_list":["post-234029","post","type-post","status-publish","format-standard","has-post-thumbnail","hentry","category-appuntamenti"],"_links":{"self":[{"href":"https:\/\/www.radioluna.it\/news\/wp-json\/wp\/v2\/posts\/234029","targetHints":{"allow":["GET"]}}],"collection":[{"href":"https:\/\/www.radioluna.it\/news\/wp-json\/wp\/v2\/posts"}],"about":[{"href":"https:\/\/www.radioluna.it\/news\/wp-json\/wp\/v2\/types\/post"}],"author":[{"embeddable":true,"href":"https:\/\/www.radioluna.it\/news\/wp-json\/wp\/v2\/users\/62"}],"replies":[{"embeddable":true,"href":"https:\/\/www.radioluna.it\/news\/wp-json\/wp\/v2\/comments?post=234029"}],"version-history":[{"count":0,"href":"https:\/\/www.radioluna.it\/news\/wp-json\/wp\/v2\/posts\/234029\/revisions"}],"wp:featuredmedia":[{"embeddable":true,"href":"https:\/\/www.radioluna.it\/news\/wp-json\/wp\/v2\/media\/234030"}],"wp:attachment":[{"href":"https:\/\/www.radioluna.it\/news\/wp-json\/wp\/v2\/media?parent=234029"}],"wp:term":[{"taxonomy":"category","embeddable":true,"href":"https:\/\/www.radioluna.it\/news\/wp-json\/wp\/v2\/categories?post=234029"},{"taxonomy":"post_tag","embeddable":true,"href":"https:\/\/www.radioluna.it\/news\/wp-json\/wp\/v2\/tags?post=234029"}],"curies":[{"name":"wp","href":"https:\/\/api.w.org\/{rel}","templated":true}]}}