{"id":234047,"date":"2018-11-13T18:22:22","date_gmt":"2018-11-13T17:22:22","guid":{"rendered":"https:\/\/www.radioluna.it\/news\/?p=234047"},"modified":"2018-11-13T18:25:01","modified_gmt":"2018-11-13T17:25:01","slug":"terracina-nuovi-lavori-in-viale-della-vittoria-e-un-concorso-per-farlo-rinascere","status":"publish","type":"post","link":"https:\/\/www.radioluna.it\/news\/2018\/11\/terracina-nuovi-lavori-in-viale-della-vittoria-e-un-concorso-per-farlo-rinascere\/","title":{"rendered":"Terracina, nuovi lavori in Viale della Vittoria e un concorso per farlo rinascere"},"content":{"rendered":"<div id=\"fb-root\"><\/div>\n<p style=\"text-align: justify;\"><strong>TERRACINA &#8211;<\/strong> Nell&#8217;ormai spettrale Viale della Vittoria, saranno effettuati gioved\u00ec (15 novembre) lavori di messa in sicurezza dei marciapiedi e della sede stradale. Dopo l&#8217;uragano che ha devastato mezza citt\u00e0 il 29 ottobre, la grande strada che porta al mare sar\u00e0 oggetto di un nuovo intervento dopo quello di emergenza svolto nelle ore successive all&#8217;evento. &#8220;Pur comprendendo il disagio arrecato si richiede la massima collaborazione per agevolare la pi\u00f9 rapida realizzazione e conclusione delle opere nell\u2019interesse di tutti&#8221;, dicono dal Comune che intanto raccoglier\u00e0 idee dai cittadini su come farlo rinascere.<\/p>\n<p style=\"text-align: justify;\"><strong>DIVIETO DI SOSTA E SENSO UNICO<\/strong>\u00a0 &#8211; A partire dalla mezzanotte di gioved\u00ec 15 novembre sar\u00e0 attivo il divieto di sosta per i parcheggi in viale della Vittoria nella direzione mare-monte per urgenti lavori di messa in sicurezza del marciapiede e della sede stradale in seguito agli eventi atmosferici del 29 ottobre scorso &#8211; si legge in una nota dell&#8217;assessorato ai lavori pubblici &#8211; Contemporaneamente la viabilit\u00e0 preveder\u00e0 la circolazione a senso unico nella direzione di marcia monte-mare. L\u2019intervento durer\u00e0 alcuni giorni e al termine si provveder\u00e0 alla sistemazione del lato opposto con l\u2019inversione del divieto d sosta e del senso unico di marcia. Complessivamente i lavori richiederanno una ventina di giorni circa.<\/p>\n<p style=\"text-align: justify;\"><strong>IL CONCORSO DI IDEE (INFORMALE)<\/strong> &#8211; L\u2019Amministrazione Comunale di Terracina, inoltre, ha voluto indire un informale concorso di idee su come ridisegnare il viale della Vittoria, la strada amata da tutti e che ha subito la maggiore distruzione dall\u2019evento calamitoso. Il sindaco Procaccini annuncia che \u201cabbiamo deciso di attivare l\u2019indirizzo email rinasceilviale@gmail.com per coinvolgere i cittadini nella scelta dell\u2019aspetto del nuovo viale della Vittoria. Purtroppo l\u2019uragano dello scorso 29 ottobre ha stravolto la strada a cui siamo tutti affezionati e modificato la vita e le abitudini di Terracina. Da gioved\u00ec cominciano i lavori comunali di ripristino delle condizioni idonee per poter passeggiare in sicurezza e serenit\u00e0 lungo il nostro \u201cviale\u201d. Ma davanti alla distruzione e ai cambiamenti la reazione pi\u00f9 giusta \u00e8 quella di una citt\u00e0 che sa cogliere l\u2019opportunit\u00e0 per rinascere pi\u00f9 bella. Ecco perch\u00e9 l\u2019Amministrazione ha deciso di raccogliere e valutare in modo informale tutte le proposte che i cittadini o gli \u201cinnamorati di Terracina\u201d vorranno far pervenire alla sua attenzione. Nessun programma elettorale aveva previsto ci\u00f2 che \u00e8 accaduto il 29 ottobre, motivo per cui sar\u00e0 bello e utile immaginare insieme il Viale che verr\u00e0. Non abbiamo stabilito un termine fino al quale sar\u00e0 possibile inviare le proprie idee, ma prima arrivano e prima saremo in grado vedere realizzato il nostro nuovo Viale della Vittoria\u201d.<\/p>\n","protected":false},"excerpt":{"rendered":"<p>TERRACINA &#8211; Nell&#8217;ormai spettrale Viale della Vittoria, saranno effettuati gioved\u00ec (15 novembre) lavori di messa in sicurezza dei marciapiedi e della sede stradale. Dopo l&#8217;uragano che ha devastato mezza citt\u00e0 il 29 ottobre, la grande strada che porta al mare sar\u00e0 oggetto di un nuovo intervento dopo quello di emergenza svolto nelle ore successive all&#8217;evento. [&hellip;]<\/p>\n","protected":false},"author":62,"featured_media":234051,"comment_status":"open","ping_status":"open","sticky":false,"template":"","format":"standard","meta":{"footnotes":""},"categories":[7],"tags":[],"class_list":["post-234047","post","type-post","status-publish","format-standard","has-post-thumbnail","hentry","category-cronaca"],"_links":{"self":[{"href":"https:\/\/www.radioluna.it\/news\/wp-json\/wp\/v2\/posts\/234047","targetHints":{"allow":["GET"]}}],"collection":[{"href":"https:\/\/www.radioluna.it\/news\/wp-json\/wp\/v2\/posts"}],"about":[{"href":"https:\/\/www.radioluna.it\/news\/wp-json\/wp\/v2\/types\/post"}],"author":[{"embeddable":true,"href":"https:\/\/www.radioluna.it\/news\/wp-json\/wp\/v2\/users\/62"}],"replies":[{"embeddable":true,"href":"https:\/\/www.radioluna.it\/news\/wp-json\/wp\/v2\/comments?post=234047"}],"version-history":[{"count":0,"href":"https:\/\/www.radioluna.it\/news\/wp-json\/wp\/v2\/posts\/234047\/revisions"}],"wp:featuredmedia":[{"embeddable":true,"href":"https:\/\/www.radioluna.it\/news\/wp-json\/wp\/v2\/media\/234051"}],"wp:attachment":[{"href":"https:\/\/www.radioluna.it\/news\/wp-json\/wp\/v2\/media?parent=234047"}],"wp:term":[{"taxonomy":"category","embeddable":true,"href":"https:\/\/www.radioluna.it\/news\/wp-json\/wp\/v2\/categories?post=234047"},{"taxonomy":"post_tag","embeddable":true,"href":"https:\/\/www.radioluna.it\/news\/wp-json\/wp\/v2\/tags?post=234047"}],"curies":[{"name":"wp","href":"https:\/\/api.w.org\/{rel}","templated":true}]}}