{"id":234053,"date":"2018-11-13T19:16:50","date_gmt":"2018-11-13T18:16:50","guid":{"rendered":"https:\/\/www.radioluna.it\/news\/?p=234053"},"modified":"2018-11-13T19:16:50","modified_gmt":"2018-11-13T18:16:50","slug":"a-sabaudia-una-gara-mondiale-di-caffe-con-una-speciale-torrefazione","status":"publish","type":"post","link":"https:\/\/www.radioluna.it\/news\/2018\/11\/a-sabaudia-una-gara-mondiale-di-caffe-con-una-speciale-torrefazione\/","title":{"rendered":"A Sabaudia una gara mondiale di caff\u00e8 con una speciale torrefazione"},"content":{"rendered":"<div id=\"fb-root\"><\/div>\n<p style=\"text-align: justify;\"><strong>SABAUDIA<\/strong>\u00a0&#8211; A Sabaudia arriva la prima edizione del World Tour Koffee, manifestazione internazionale dedicata al mondo del caff\u00e8 che si svolger\u00e0 dal 18 al 26 marzo 2019 promossa dalla Dolce Caff\u00e8 con il patrocinio dell\u2019Amministrazione comunale e il supporto del consolato tunisino in Italia, con l\u2019obiettivo di far conoscere nel mondo un nuovo tipo di torrefazione ideato dal dottor Dhib. Con questo metodo viene &#8220;espulso&#8221; dal chicco che produce una delle bevande pi\u00f9 amate, l&#8217;olio, spesso responsabile dei danni alla salute, conservando\u00a0 inalterate le propriet\u00e0 organolettiche.<\/p>\n<p style=\"text-align: justify;\"><strong>CORSO DI FORMAZIONE INTERNAZIONALE E GARA<\/strong> &#8211; Per quanto riguarda la manifestazione, invece, attraverso le ambasciate, due baristi, un ragazzo e una ragazza di diverse nazioni, saranno invitati a partecipare ad una competizione amichevole. Tutti i partecipanti verranno inizialmente ospitati in numerose citt\u00e0 per un corso di formazione utile per il loro servizio lavorativo e per imparare le qualit\u00e0 e i segreti per lo sviluppo di questa nuova tecnica originale. Una volta formati potranno iniziare la gara ed essere valutati da un gruppo di esperti e tecnici appositamente formato al quale verr\u00e0 affidato il compito di decretare i tre vincitori della manifestazione.<\/p>\n<p style=\"text-align: justify;\">\u201c\u00c8 con grande piacere che Sabaudia si appresta ad ospitare la prima edizione del World Tour Koffee e a diventare il centro del mondo \u2013 commenta l\u2019assessore alle Attivit\u00e0 Produttive Emanuela Palmisani \u2013 Per un\u2019intera settimana la citt\u00e0 ospiter\u00e0 gli operatori del settore provenienti da diverse nazioni e sar\u00e0 spettatrice oltrech\u00e9 protagonista di una competizione davvero originale\u201d.<\/p>\n<p style=\"text-align: justify;\">\u201cSabaudia avr\u00e0 i riflettori puntati di addetti al settore e semplici appassionati \u2013 aggiunge il Presidente del Consiglio comunale Gianluca Bonetti, con delega ai Grandi Eventi \u2013 Manifestazioni come questa offrono al nostro territorio la possibilit\u00e0 di entrare in contatto con culture diverse e promuovono la citt\u00e0 delle dune in contesti internazionali importanti, come il Consolato tunisino in Italia, partner dell\u2019iniziativa\u201d.<\/p>\n<p>&nbsp;<\/p>\n","protected":false},"excerpt":{"rendered":"<p>SABAUDIA\u00a0&#8211; A Sabaudia arriva la prima edizione del World Tour Koffee, manifestazione internazionale dedicata al mondo del caff\u00e8 che si svolger\u00e0 dal 18 al 26 marzo 2019 promossa dalla Dolce Caff\u00e8 con il patrocinio dell\u2019Amministrazione comunale e il supporto del consolato tunisino in Italia, con l\u2019obiettivo di far conoscere nel mondo un nuovo tipo di [&hellip;]<\/p>\n","protected":false},"author":60,"featured_media":234054,"comment_status":"open","ping_status":"open","sticky":false,"template":"","format":"standard","meta":{"footnotes":""},"categories":[735],"tags":[],"class_list":["post-234053","post","type-post","status-publish","format-standard","has-post-thumbnail","hentry","category-attualita"],"_links":{"self":[{"href":"https:\/\/www.radioluna.it\/news\/wp-json\/wp\/v2\/posts\/234053","targetHints":{"allow":["GET"]}}],"collection":[{"href":"https:\/\/www.radioluna.it\/news\/wp-json\/wp\/v2\/posts"}],"about":[{"href":"https:\/\/www.radioluna.it\/news\/wp-json\/wp\/v2\/types\/post"}],"author":[{"embeddable":true,"href":"https:\/\/www.radioluna.it\/news\/wp-json\/wp\/v2\/users\/60"}],"replies":[{"embeddable":true,"href":"https:\/\/www.radioluna.it\/news\/wp-json\/wp\/v2\/comments?post=234053"}],"version-history":[{"count":0,"href":"https:\/\/www.radioluna.it\/news\/wp-json\/wp\/v2\/posts\/234053\/revisions"}],"wp:featuredmedia":[{"embeddable":true,"href":"https:\/\/www.radioluna.it\/news\/wp-json\/wp\/v2\/media\/234054"}],"wp:attachment":[{"href":"https:\/\/www.radioluna.it\/news\/wp-json\/wp\/v2\/media?parent=234053"}],"wp:term":[{"taxonomy":"category","embeddable":true,"href":"https:\/\/www.radioluna.it\/news\/wp-json\/wp\/v2\/categories?post=234053"},{"taxonomy":"post_tag","embeddable":true,"href":"https:\/\/www.radioluna.it\/news\/wp-json\/wp\/v2\/tags?post=234053"}],"curies":[{"name":"wp","href":"https:\/\/api.w.org\/{rel}","templated":true}]}}