{"id":234237,"date":"2018-11-16T10:14:33","date_gmt":"2018-11-16T09:14:33","guid":{"rendered":"https:\/\/www.radioluna.it\/news\/?p=234237"},"modified":"2018-11-16T10:14:33","modified_gmt":"2018-11-16T09:14:33","slug":"top-volley-latina-domenica-in-campo-a-ravenna","status":"publish","type":"post","link":"https:\/\/www.radioluna.it\/news\/2018\/11\/top-volley-latina-domenica-in-campo-a-ravenna\/","title":{"rendered":"Top Volley Latina domenica in campo a Ravenna"},"content":{"rendered":"<div id=\"fb-root\"><\/div>\n<p style=\"text-align: justify;\"><strong>LATINA &#8211;<\/strong> Top Volley Latina impegnata sul campo della Consar Ravenna, domenica alle 18, per l\u2019ottava giornata di Superlega. Dopo il successo su Vibo, Sottile e soci proveranno a ripetersi contro i romagnoli, distanziati in classifica di due lunghezze. Gara casalinga, invece, per la Benacquista Assicurazioni Latina: domenica alle 18 al Palabianchini la squadra di Gramenzi sfider\u00e0 la Fortitudo Agrigento. Giocher\u00e0 tra le mura amiche anche il Latina nel 13esimo turno del campionato di serie D: domenica alle 14.30 sar\u00e0 di scena al Francioni la Torres.<\/p>\n","protected":false},"excerpt":{"rendered":"<p>LATINA &#8211; Top Volley Latina impegnata sul campo della Consar Ravenna, domenica alle 18, per l\u2019ottava giornata di Superlega. Dopo il successo su Vibo, Sottile e soci proveranno a ripetersi contro i romagnoli, distanziati in classifica di due lunghezze. Gara casalinga, invece, per la Benacquista Assicurazioni Latina: domenica alle 18 al Palabianchini la squadra di [&hellip;]<\/p>\n","protected":false},"author":5430,"featured_media":233688,"comment_status":"open","ping_status":"open","sticky":false,"template":"","format":"standard","meta":{"footnotes":""},"categories":[17],"tags":[],"class_list":["post-234237","post","type-post","status-publish","format-standard","has-post-thumbnail","hentry","category-sport"],"_links":{"self":[{"href":"https:\/\/www.radioluna.it\/news\/wp-json\/wp\/v2\/posts\/234237","targetHints":{"allow":["GET"]}}],"collection":[{"href":"https:\/\/www.radioluna.it\/news\/wp-json\/wp\/v2\/posts"}],"about":[{"href":"https:\/\/www.radioluna.it\/news\/wp-json\/wp\/v2\/types\/post"}],"author":[{"embeddable":true,"href":"https:\/\/www.radioluna.it\/news\/wp-json\/wp\/v2\/users\/5430"}],"replies":[{"embeddable":true,"href":"https:\/\/www.radioluna.it\/news\/wp-json\/wp\/v2\/comments?post=234237"}],"version-history":[{"count":0,"href":"https:\/\/www.radioluna.it\/news\/wp-json\/wp\/v2\/posts\/234237\/revisions"}],"wp:featuredmedia":[{"embeddable":true,"href":"https:\/\/www.radioluna.it\/news\/wp-json\/wp\/v2\/media\/233688"}],"wp:attachment":[{"href":"https:\/\/www.radioluna.it\/news\/wp-json\/wp\/v2\/media?parent=234237"}],"wp:term":[{"taxonomy":"category","embeddable":true,"href":"https:\/\/www.radioluna.it\/news\/wp-json\/wp\/v2\/categories?post=234237"},{"taxonomy":"post_tag","embeddable":true,"href":"https:\/\/www.radioluna.it\/news\/wp-json\/wp\/v2\/tags?post=234237"}],"curies":[{"name":"wp","href":"https:\/\/api.w.org\/{rel}","templated":true}]}}