{"id":234294,"date":"2018-11-17T07:28:53","date_gmt":"2018-11-17T06:28:53","guid":{"rendered":"https:\/\/www.radioluna.it\/news\/?p=234294"},"modified":"2018-11-17T08:58:39","modified_gmt":"2018-11-17T07:58:39","slug":"il-latina-1932-esonera-mister-parlato-attesa-per-il-sostituto","status":"publish","type":"post","link":"https:\/\/www.radioluna.it\/news\/2018\/11\/il-latina-1932-esonera-mister-parlato-attesa-per-il-sostituto\/","title":{"rendered":"Il Latina 1932 esonera mister Parlato. Attesa per il sostituto"},"content":{"rendered":"<div id=\"fb-root\"><\/div>\n<p style=\"text-align: justify;\"><strong>LATINA<\/strong> &#8211; Da venerd\u00ec sera Carmine Parlato non \u00e8 pi\u00f9 il tecnico del Latina Calcio 1932. Una decisione maturata dopo il deludente pareggio di mercoled\u00ec a Rocca Priora contro la Lupa Roma ultima in classifica e nonostante la fiducia rinnovata manifestata dal\u00a0 presidente Terracciano. I dirigenti del club di Piazzale Serratore ci hanno riflettuto su, poi hanno deciso per il cambio in panchina comunicato solo nella tarda serata di ieri al diretto interessato.\u00a0 Con Parlato vanno via\u00a0 anche Raffaele Battisti, secondo allenatore e i preparatori Marin e Tarricone.\u00a0Ancora non \u00e8 dato sapere chi sar\u00e0 il sostituto.<\/p>\n","protected":false},"excerpt":{"rendered":"<p>LATINA &#8211; Da venerd\u00ec sera Carmine Parlato non \u00e8 pi\u00f9 il tecnico del Latina Calcio 1932. Una decisione maturata dopo il deludente pareggio di mercoled\u00ec a Rocca Priora contro la Lupa Roma ultima in classifica e nonostante la fiducia rinnovata manifestata dal\u00a0 presidente Terracciano. I dirigenti del club di Piazzale Serratore ci hanno riflettuto su, [&hellip;]<\/p>\n","protected":false},"author":62,"featured_media":0,"comment_status":"open","ping_status":"open","sticky":false,"template":"","format":"standard","meta":{"footnotes":""},"categories":[17],"tags":[],"class_list":["post-234294","post","type-post","status-publish","format-standard","hentry","category-sport"],"_links":{"self":[{"href":"https:\/\/www.radioluna.it\/news\/wp-json\/wp\/v2\/posts\/234294","targetHints":{"allow":["GET"]}}],"collection":[{"href":"https:\/\/www.radioluna.it\/news\/wp-json\/wp\/v2\/posts"}],"about":[{"href":"https:\/\/www.radioluna.it\/news\/wp-json\/wp\/v2\/types\/post"}],"author":[{"embeddable":true,"href":"https:\/\/www.radioluna.it\/news\/wp-json\/wp\/v2\/users\/62"}],"replies":[{"embeddable":true,"href":"https:\/\/www.radioluna.it\/news\/wp-json\/wp\/v2\/comments?post=234294"}],"version-history":[{"count":0,"href":"https:\/\/www.radioluna.it\/news\/wp-json\/wp\/v2\/posts\/234294\/revisions"}],"wp:attachment":[{"href":"https:\/\/www.radioluna.it\/news\/wp-json\/wp\/v2\/media?parent=234294"}],"wp:term":[{"taxonomy":"category","embeddable":true,"href":"https:\/\/www.radioluna.it\/news\/wp-json\/wp\/v2\/categories?post=234294"},{"taxonomy":"post_tag","embeddable":true,"href":"https:\/\/www.radioluna.it\/news\/wp-json\/wp\/v2\/tags?post=234294"}],"curies":[{"name":"wp","href":"https:\/\/api.w.org\/{rel}","templated":true}]}}