{"id":234560,"date":"2018-11-26T12:20:12","date_gmt":"2018-11-26T11:20:12","guid":{"rendered":"https:\/\/www.radioluna.it\/news\/?p=234560"},"modified":"2018-11-26T12:46:57","modified_gmt":"2018-11-26T11:46:57","slug":"latina-ritratta-da-fabio-benvenuti-il-libro","status":"publish","type":"post","link":"https:\/\/www.radioluna.it\/news\/2018\/11\/latina-ritratta-da-fabio-benvenuti-il-libro\/","title":{"rendered":"Latina ritratta da Fabio Benvenuti: il libro"},"content":{"rendered":"<div id=\"fb-root\"><\/div>\n<p style=\"text-align: justify;\"><strong>LATINA<\/strong> &#8211; Sar\u00e0 presentato in anteprima alla libreria Feltrinelli di Latina luned\u00ec 26 novembre alle 18,00 \u201cLatina. Ritratto di citt\u00e0\u201d di Fabio Benvenuti. Il giornalista ha scelto\u00a0\u201cun percorso cronologico sulla storia della citt\u00e0 letta anche attraverso la chiave dell\u2019immagine&#8221;. Oltre cento foto infatti arricchiscono il volume realizzato in formato grande e su carta patinata: &#8220;L\u2019affresco che ne viene fuori \u00e8 il ritratto di un citt\u00e0 che possa fornire ai suoi abitanti, giovani e meno giovani, e al visitatore o semplicemente a chi ha interesse nel conoscere le sorti di questa realt\u00e0, una descrizione sintetica, efficace e di grande presa. E\u2019 una rilettura della storia della citt\u00e0 scevra da giudizi e pregiudizi ideologici di ogni tipo ed epoca, pur non trascurando il contesto sociale ed economico che ha accompagnato la crescita di Latina e che ha certamente influenzato ed orientato scelte e binari di sviluppo&#8221;.<\/p>\n<p style=\"text-align: justify;\">La prefazione \u00e8 affidata a due amici: il prof. Ennio Tasciotti, ordinario di Nanomedicina e Medicina Rigenerativa presso l\u2019Istitute of Academic Medicine del Texas Medical Center di Houston dove dirige il Centro di Medicina Biomimetica e il Centro di Medicina Rigenerativa Muscoloscheletrica da lui fondati allo Houston Methodist Hospital, e l\u2019arch. Simone Capra, dello studio di architettura e trasformazioni territoriali \u201cstARTT\u201d di Roma, che opera a livello internazionale con numerosi premi e riconoscimenti ottenuti.<\/p>\n<p><strong>ECCO CHE COSA CI HA RACCONTATO L&#8217;AUTORE\u00a0FABIO BENVENUTI\u00a0 &#8211; ASCOLTA<\/strong><\/p>\n<audio class=\"wp-audio-shortcode\" id=\"audio-234560-1\" preload=\"none\" style=\"width: 100%;\" controls=\"controls\"><source type=\"audio\/mpeg\" src=\"https:\/\/www.radioluna.it\/news\/wp-content\/uploads\/2018\/11\/benvenuti.mp3?_=1\" \/><a href=\"https:\/\/www.radioluna.it\/news\/wp-content\/uploads\/2018\/11\/benvenuti.mp3\">https:\/\/www.radioluna.it\/news\/wp-content\/uploads\/2018\/11\/benvenuti.mp3<\/a><\/audio>\n<p style=\"text-align: justify;\">L\u2019iniziativa editoriale \u00e8 promossa dall\u2019associazione DFG di Latina, che \u00e8 l\u2019editore dell\u2019opera, e nasce dalla collaborazione dell\u2019autore con il gruppo \u201cFactory 10\u201d di Latina, centro culturale orientato allo studio e alla diffusione dell\u2019arte fotografica e cinematografica, e con la casa editrice Tunu\u00e8, specializzata in fumetti e graphic novel e ormai tra le pi\u00f9 importanti d\u2019Italia.<\/p>\n<p style=\"text-align: justify;\">Alla presentazione a Latina interverranno con l&#8217;autore, i colleghi, Nicola Rao, giornalista Rai e scrittore e Sarina Biraghi del quotidiano La Verit\u00e0. Il libro \u00e8 gi\u00e0 disponibile online sul catalogo della Feltrinelli https:\/\/www.lafeltrinelli.it\/libri\/fabio-benvenuti\/latina-ritratto-citta\/9788894362015 e nei prossimi giorni in tutte le librerie di Latina.<\/p>\n<p>&nbsp;<\/p>\n","protected":false},"excerpt":{"rendered":"<p>LATINA &#8211; Sar\u00e0 presentato in anteprima alla libreria Feltrinelli di Latina luned\u00ec 26 novembre alle 18,00 \u201cLatina. Ritratto di citt\u00e0\u201d di Fabio Benvenuti. Il giornalista ha scelto\u00a0\u201cun percorso cronologico sulla storia della citt\u00e0 letta anche attraverso la chiave dell\u2019immagine&#8221;. Oltre cento foto infatti arricchiscono il volume realizzato in formato grande e su carta patinata: &#8220;L\u2019affresco [&hellip;]<\/p>\n","protected":false},"author":62,"featured_media":234561,"comment_status":"open","ping_status":"open","sticky":false,"template":"","format":"standard","meta":{"footnotes":""},"categories":[16],"tags":[],"class_list":["post-234560","post","type-post","status-publish","format-standard","has-post-thumbnail","hentry","category-appuntamenti"],"_links":{"self":[{"href":"https:\/\/www.radioluna.it\/news\/wp-json\/wp\/v2\/posts\/234560","targetHints":{"allow":["GET"]}}],"collection":[{"href":"https:\/\/www.radioluna.it\/news\/wp-json\/wp\/v2\/posts"}],"about":[{"href":"https:\/\/www.radioluna.it\/news\/wp-json\/wp\/v2\/types\/post"}],"author":[{"embeddable":true,"href":"https:\/\/www.radioluna.it\/news\/wp-json\/wp\/v2\/users\/62"}],"replies":[{"embeddable":true,"href":"https:\/\/www.radioluna.it\/news\/wp-json\/wp\/v2\/comments?post=234560"}],"version-history":[{"count":0,"href":"https:\/\/www.radioluna.it\/news\/wp-json\/wp\/v2\/posts\/234560\/revisions"}],"wp:featuredmedia":[{"embeddable":true,"href":"https:\/\/www.radioluna.it\/news\/wp-json\/wp\/v2\/media\/234561"}],"wp:attachment":[{"href":"https:\/\/www.radioluna.it\/news\/wp-json\/wp\/v2\/media?parent=234560"}],"wp:term":[{"taxonomy":"category","embeddable":true,"href":"https:\/\/www.radioluna.it\/news\/wp-json\/wp\/v2\/categories?post=234560"},{"taxonomy":"post_tag","embeddable":true,"href":"https:\/\/www.radioluna.it\/news\/wp-json\/wp\/v2\/tags?post=234560"}],"curies":[{"name":"wp","href":"https:\/\/api.w.org\/{rel}","templated":true}]}}