{"id":234580,"date":"2018-11-21T13:31:37","date_gmt":"2018-11-21T12:31:37","guid":{"rendered":"https:\/\/www.radioluna.it\/news\/?p=234580"},"modified":"2018-11-22T10:54:11","modified_gmt":"2018-11-22T09:54:11","slug":"punti-di-primo-intervento-i-comitati-di-difesa-si-riuniscono-a-latina","status":"publish","type":"post","link":"https:\/\/www.radioluna.it\/news\/2018\/11\/punti-di-primo-intervento-i-comitati-di-difesa-si-riuniscono-a-latina\/","title":{"rendered":"Punti di primo intervento, i Comitati di difesa si riuniscono a Latina"},"content":{"rendered":"<div id=\"fb-root\"><\/div>\n<p style=\"text-align: justify;\"><strong>LATINA<\/strong> &#8211; I Comitati per la difesa dei Ppi non si danno per vinti e<a href=\"https:\/\/www.radioluna.it\/news\/2018\/11\/casati-asl-vi-spiego-perche-e-un-bene-trasformare-i-punti-di-primo-intervento\/\"> mentre la Asl promette un&#8217;analisi caso per caso<\/a>, il Comitato di Latina organizza per luned\u00ec 26 novembre presso Il Gabbiano in viale XVIII Dicembre\u00a0 un&#8217; assemblea pubblica alle ore 17,30. Un appuntamento per esprimere solidariet\u00e0 ai 7 territori interessati dal progetto, ma anche per rimettere al centro le forti perplessit\u00e0 suscitate dalla manovra programmata dal direttore generale Giorgio Casati: &#8220;Il Comitato di Latina \u00e8 pienamente consapevole dei rischi che rischierebbe lo stesso Pronto soccorso dell\u2019ospedale Santa Maria Goretti nel caso in cui venisse meno la preziosa opera dei sette PPI della provincia e in particolare dei cinque (Cori, Cisterna, Sezze, Priverno e Sabaudia) che oggi gravitano proprio su Latina e che tra codici bianchi, verdi, gialli e rossi hanno totalizzato l\u2019anno scorso un totale di 46.000 accessi che sommati a quelli del Santa Maria Goretti porterebbero l\u2019ospedale del capoluogo ad un totale di oltre 100.000 accessi superando il Policlinico Gemelli che ha dimensioni almeno quattro volte superiori al PS del Santa Maria Goretti, progettato alla fine degli anni 90 nella previsione che gli ospedali dei Lepini rimanessero a svolgere la loro preziosa opera di filtro&#8221;.<\/p>\n<p style=\"text-align: justify;\">Il Comitato di Latina ha gi\u00e0 avviato una raccolta di firme per appoggiare gli altri Comitati con l&#8217;ottica\u00a0 &#8211; spiegano in un anota &#8211; di &#8220;costringere la Direzione generale dell\u2019Azienda e modificare la proposta presentata evitando ogni tipo di rimodulazione o ridimensionamento dell\u2019assistenza di emergenza\/urgenza a livello territoriale e garantendo la presenza dei PPI quali presidi di prossimit\u00e0 di importanza fondamentale per gli anziani, i soggetti fragili&#8221;.<\/p>\n<p style=\"text-align: justify;\">Il dott. Franco Brugnola, promotore del Comitato di Sabaudia, illustrer\u00e0 con una serie di slides gli aspetti tecnico organizzativi e giuridici del sistema di emergenza urgenza con particolare attenzione alla situazione provinciale mettendo anche a confronto i servizi offerti oggi e cosa rimarrebbe se fosse approvata la proposta della direzione generale della ASL.<\/p>\n<p>All\u2019incontro sono stati invitati tutti i Comitati della provincia, i trentatr\u00e9 Sindaci e i Sindacati.<\/p>\n<div class=\"radio-posizionamento-telefono-in-articoli-dopo-il-contenuto-articolo radio-entity-placement\" id=\"radio-1082810060\"><div id=\"radio-1603641978\" style=\"width: 300px;height: 250px;\"><a href=\"https:\/\/www.icarspa.it\/auto\/usate\/latina\/\" aria-label=\"banner aprile icar new life &#8211; auto usate latina\"><img loading=\"lazy\" decoding=\"async\" src=\"https:\/\/www.radioluna.it\/news\/wp-content\/uploads\/2026\/02\/banner-aprile-icar-new-life-auto-usate-latina.gif\" alt=\"\"  width=\"300\" height=\"250\"   \/><\/a><\/div><\/div>","protected":false},"excerpt":{"rendered":"<p>LATINA &#8211; I Comitati per la difesa dei Ppi non si danno per vinti e mentre la Asl promette un&#8217;analisi caso per caso, il Comitato di Latina organizza per luned\u00ec 26 novembre presso Il Gabbiano in viale XVIII Dicembre\u00a0 un&#8217; assemblea pubblica alle ore 17,30. Un appuntamento per esprimere solidariet\u00e0 ai 7 territori interessati dal [&hellip;]<\/p>\n","protected":false},"author":62,"featured_media":234581,"comment_status":"open","ping_status":"open","sticky":false,"template":"","format":"standard","meta":{"footnotes":""},"categories":[16],"tags":[],"class_list":["post-234580","post","type-post","status-publish","format-standard","has-post-thumbnail","hentry","category-appuntamenti"],"_links":{"self":[{"href":"https:\/\/www.radioluna.it\/news\/wp-json\/wp\/v2\/posts\/234580","targetHints":{"allow":["GET"]}}],"collection":[{"href":"https:\/\/www.radioluna.it\/news\/wp-json\/wp\/v2\/posts"}],"about":[{"href":"https:\/\/www.radioluna.it\/news\/wp-json\/wp\/v2\/types\/post"}],"author":[{"embeddable":true,"href":"https:\/\/www.radioluna.it\/news\/wp-json\/wp\/v2\/users\/62"}],"replies":[{"embeddable":true,"href":"https:\/\/www.radioluna.it\/news\/wp-json\/wp\/v2\/comments?post=234580"}],"version-history":[{"count":0,"href":"https:\/\/www.radioluna.it\/news\/wp-json\/wp\/v2\/posts\/234580\/revisions"}],"wp:featuredmedia":[{"embeddable":true,"href":"https:\/\/www.radioluna.it\/news\/wp-json\/wp\/v2\/media\/234581"}],"wp:attachment":[{"href":"https:\/\/www.radioluna.it\/news\/wp-json\/wp\/v2\/media?parent=234580"}],"wp:term":[{"taxonomy":"category","embeddable":true,"href":"https:\/\/www.radioluna.it\/news\/wp-json\/wp\/v2\/categories?post=234580"},{"taxonomy":"post_tag","embeddable":true,"href":"https:\/\/www.radioluna.it\/news\/wp-json\/wp\/v2\/tags?post=234580"}],"curies":[{"name":"wp","href":"https:\/\/api.w.org\/{rel}","templated":true}]}}