{"id":234662,"date":"2018-11-22T13:00:34","date_gmt":"2018-11-22T12:00:34","guid":{"rendered":"https:\/\/www.radioluna.it\/news\/?p=234662"},"modified":"2018-11-22T13:00:34","modified_gmt":"2018-11-22T12:00:34","slug":"violenza-sulle-donne-flash-mob-a-latina","status":"publish","type":"post","link":"https:\/\/www.radioluna.it\/news\/2018\/11\/violenza-sulle-donne-flash-mob-a-latina\/","title":{"rendered":"Violenza sulle Donne, flash mob a Latina"},"content":{"rendered":"<div id=\"fb-root\"><\/div>\n<p style=\"text-align: justify;\"><strong>LATINA<\/strong> &#8211; Un flash mob organizzato dall\u2019associazione Valore Donna per 23 novembre alle 16 in piazza della Libert\u00e0 dal titolo \u201cio sono\u2026 tutte le vittime della violenza\u201d \u00e8 una delle iniziative che si terranno a Latina per la Giornata Internazionale contro la violenza sulle donne. &#8220;Ci saranno anche Stefania Mattioli, la madre di Claudia Ferrari, la donna uccisa dall\u2019ex compagno alla periferia di Roma (che ha lasciato due bambine piccole) e Manuela Piccirilli, la donna di Latina raggiunta da alcuni colpi di pistola, lo scorso mese di agosto, da parte dell\u2019ex marito che ha tentato di ucciderla. Tutte, insieme, per ricordare le vittime di femminicidio in occasione del 25 novembre&#8221;, spiega in una nota l&#8217;associazione Valore Donna&#8221;. Sar\u00e0 presente anche l\u2019associazione Latinaknitcrocket con l\u2019iniziativa \u201cUna rosa bianca per Martina e Alessia\u201d, le due bambine uccise dal padre, il carabiniere Luigi Capasso, lo scorso 28 febbraio a Cisterna. E per l\u2019occasione a Latina torneranno anche le telecamere del programma \u201cLa vita in diretta\u201d.<\/p>\n<p style=\"text-align: justify;\">I NEGOZIANTI &#8211; &#8220;Anche quest\u2019anno\u00a0 &#8211; spiegano ancora da Valore Donna\u00a0 &#8211; abbiamo potuto contare sull\u2019appoggio dei negozianti del centro di Latina che, gi\u00e0 da qualche giorno, hanno messo, all\u2019interno delle vetrine, cornici con il nome delle vittime di femminicidio\u00a0 con la data della loro morte, grazie all\u2019interessamento e alla sensibilit\u00e0 dimostrata da Susanna Gloria, Presidente della Confesercenti&#8221;.<\/p>\n<p style=\"text-align: justify;\">\u201cStando agli ultimi dati, sono in calo tutti i reati legati alla violenza di genere: maltrattamenti in famiglia, stalking, percosse, violenze sessuali mentre aumentano le segnalazioni di presunti autori di reato e le denunce \u2013 spiega Valentina Pappacena \u2013 almeno stando agli ultimi dati della Polizia, ma c\u2019\u00e8 ancora tanto da fare &#8211; dice la presidente di Valore Donna, Valentina Pappacena &#8211;\u00a0\u00a0Come associazione a tutela delle donne maltrattate voglio ricordare che, dallo scorso gennaio tutte le Questure hanno adottato il protocollo E.V.A. (Esame delle Violenze Agite), uno strumento che codifica le modalit\u00e0 di intervento nei casi di liti in famiglia e permette di inserire nella banca dati delle forze di polizia, indipendentemente dalla presenza di una denuncia o querela da parte della vittima, una serie di informazioni utili a icostruire tutti gli episodi di violenza domestica che hanno coinvolto un nucleo familiare. Si tratta \u2013 commenta Valentina Pappacena \u2013 di uno strumento che finora ha permesso di analizzare pi\u00f9 di 9 mila segnalazioni, portando in 159 casi all&#8217;arresto in flagranza, in 261 casi alla denuncia e in 81 all&#8217;allontanamento alla casa familiare. Una donna che \u00e8 vittima di violenza si sente sola \u2013 spiega ancora il Presidente di Valore Donna \u2013 nella maggior parte dei casi \u00e8 rassegnata, prova vergogna, ha paura di ritorsioni per s\u00e9 stessa e i propri figli e ha paura di non essere creduta. Ecco perch\u00e9 \u00e8 cos\u00ec importante assicurare alla donna accoglienza, informazioni e sostegno necessari ad uscire dalla condizione di soggezione ed isolamento che sta vivendo. E quindi ben venga \u2013 aggiunge Valentina Pappacena \u2013 questo protocollo che ha aiutato molte delle vittime di violenze domestiche che hanno deciso di denunciare. Perch\u00e9 la denuncia resta l\u2019unica via di uscita per situazioni familiari che, se non risolte, sfociano, come purtroppo succede ancora troppo spesso, in quelli che siamo abituati a chiamare femminicidi\u201d.<\/p>\n<div class=\"radio-posizionamento-telefono-in-articoli-dopo-il-contenuto-articolo radio-entity-placement\" id=\"radio-2544509063\"><div id=\"radio-2785024139\" style=\"width: 300px;height: 250px;\"><a href=\"https:\/\/www.icarspa.it\/auto\/usate\/latina\/\" aria-label=\"banner aprile icar new life &#8211; auto usate latina\"><img loading=\"lazy\" decoding=\"async\" src=\"https:\/\/www.radioluna.it\/news\/wp-content\/uploads\/2026\/02\/banner-aprile-icar-new-life-auto-usate-latina.gif\" alt=\"\"  width=\"300\" height=\"250\"   \/><\/a><\/div><\/div>","protected":false},"excerpt":{"rendered":"<p>LATINA &#8211; Un flash mob organizzato dall\u2019associazione Valore Donna per 23 novembre alle 16 in piazza della Libert\u00e0 dal titolo \u201cio sono\u2026 tutte le vittime della violenza\u201d \u00e8 una delle iniziative che si terranno a Latina per la Giornata Internazionale contro la violenza sulle donne. &#8220;Ci saranno anche Stefania Mattioli, la madre di Claudia Ferrari, [&hellip;]<\/p>\n","protected":false},"author":60,"featured_media":234663,"comment_status":"open","ping_status":"open","sticky":false,"template":"","format":"standard","meta":{"footnotes":""},"categories":[16],"tags":[],"class_list":["post-234662","post","type-post","status-publish","format-standard","has-post-thumbnail","hentry","category-appuntamenti"],"_links":{"self":[{"href":"https:\/\/www.radioluna.it\/news\/wp-json\/wp\/v2\/posts\/234662","targetHints":{"allow":["GET"]}}],"collection":[{"href":"https:\/\/www.radioluna.it\/news\/wp-json\/wp\/v2\/posts"}],"about":[{"href":"https:\/\/www.radioluna.it\/news\/wp-json\/wp\/v2\/types\/post"}],"author":[{"embeddable":true,"href":"https:\/\/www.radioluna.it\/news\/wp-json\/wp\/v2\/users\/60"}],"replies":[{"embeddable":true,"href":"https:\/\/www.radioluna.it\/news\/wp-json\/wp\/v2\/comments?post=234662"}],"version-history":[{"count":0,"href":"https:\/\/www.radioluna.it\/news\/wp-json\/wp\/v2\/posts\/234662\/revisions"}],"wp:featuredmedia":[{"embeddable":true,"href":"https:\/\/www.radioluna.it\/news\/wp-json\/wp\/v2\/media\/234663"}],"wp:attachment":[{"href":"https:\/\/www.radioluna.it\/news\/wp-json\/wp\/v2\/media?parent=234662"}],"wp:term":[{"taxonomy":"category","embeddable":true,"href":"https:\/\/www.radioluna.it\/news\/wp-json\/wp\/v2\/categories?post=234662"},{"taxonomy":"post_tag","embeddable":true,"href":"https:\/\/www.radioluna.it\/news\/wp-json\/wp\/v2\/tags?post=234662"}],"curies":[{"name":"wp","href":"https:\/\/api.w.org\/{rel}","templated":true}]}}