{"id":234687,"date":"2018-11-22T18:54:13","date_gmt":"2018-11-22T17:54:13","guid":{"rendered":"https:\/\/www.radioluna.it\/news\/?p=234687"},"modified":"2018-11-22T18:54:13","modified_gmt":"2018-11-22T17:54:13","slug":"controllo-di-vicinato-la-presentazione-a-latina-scalo","status":"publish","type":"post","link":"https:\/\/www.radioluna.it\/news\/2018\/11\/controllo-di-vicinato-la-presentazione-a-latina-scalo\/","title":{"rendered":"Controllo di vicinato, la presentazione a Latina Scalo"},"content":{"rendered":"<div id=\"fb-root\"><\/div>\n<p style=\"text-align: justify;\"><strong>LATINA &#8211;<\/strong> Il Comune di Latina ha individuato nell&#8217;Associazione Nazionale Controllo di Vicinato la realt\u00e0 di supporto per lo sviluppo del progetto &#8220;Controllo di Vicinato&#8221; che sar\u00e0 illustrato per la prima volta alla cittadinanza domani alle 18.30 a Latina Scalo, nella sala parrocchiale della Chiesa di San Giuseppe Lavoratore. L\u2019Associazione Controllo di Vicinato \u00e8 una rete attiva da circa 10 anni composta da volontari e associazioni locali e fornisce consulenza e supporto per lo sviluppo di progetti di sicurezza partecipata. Con il progetto \u201cControllo di Vicinato\u201d il Comune intende favorire la partecipazione civica e potenziare il rapporto di collaborazione tra cittadini e Istituzioni, diffondendo la cultura della legalit\u00e0, il dialogo tra le persone e l\u2019integrazione sociale. La prima assemblea informativa si terr\u00e0 a Latina Scalo per venire incontro alla sensibilit\u00e0 che i cittadini di quel territorio hanno gi\u00e0 dimostrato nei confronti di questo tipo di iniziative attraverso la formazione di gruppi spontanei.<\/p>\n<p style=\"text-align: justify;\">La regia dell\u2019intero progetto \u00e8 affidata alla Polizia Locale, \u00abil cui operato &#8211; afferma la Vice Sindaco con delega alla Legalit\u00e0 e Sicurezza Maria Paola Briganti &#8211; \u00e8 fondamentale per la citt\u00e0\u00bb. \u00abNonostante l\u2019evidente carenza di organico &#8211; prosegue la vice Sindaco &#8211; gli agenti hanno sopportato e sopportano un carico di lavoro lievitato anche per effetto dell\u2019impiego in doverose operazioni con le altre forze di polizia e per l\u2019ampliamento delle funzioni loro ascritte. In ottica organico questa Amministrazione sta varando, dopo molti anni, il reclutamento di nuove unit\u00e0 attraverso una prova concorsuale finalizzata non solo alle assunzioni ma soprattutto alla formazione di una graduatoria dalla quale attingere progressivamente, in funzione delle risorse economiche disponibili, per recuperare il gap creato nei decenni precedenti\u00bb.\u00a0Responsabile del progetto \u201cControllo di Vicinato\u201d \u00e8 stato nominato il comandante della Polizia Locale di Latina Francesco Passaretti.<\/p>\n<div class=\"radio-posizionamento-telefono-in-articoli-dopo-il-contenuto-articolo radio-entity-placement\" id=\"radio-2486321891\"><div id=\"radio-2224975610\" style=\"width: 300px;height: 250px;\"><a href=\"https:\/\/www.icarspa.it\/auto\/usate\/latina\/\" aria-label=\"banner aprile icar new life &#8211; auto usate latina\"><img loading=\"lazy\" decoding=\"async\" src=\"https:\/\/www.radioluna.it\/news\/wp-content\/uploads\/2026\/02\/banner-aprile-icar-new-life-auto-usate-latina.gif\" alt=\"\"  width=\"300\" height=\"250\"   \/><\/a><\/div><\/div>","protected":false},"excerpt":{"rendered":"<p>LATINA &#8211; Il Comune di Latina ha individuato nell&#8217;Associazione Nazionale Controllo di Vicinato la realt\u00e0 di supporto per lo sviluppo del progetto &#8220;Controllo di Vicinato&#8221; che sar\u00e0 illustrato per la prima volta alla cittadinanza domani alle 18.30 a Latina Scalo, nella sala parrocchiale della Chiesa di San Giuseppe Lavoratore. L\u2019Associazione Controllo di Vicinato \u00e8 una [&hellip;]<\/p>\n","protected":false},"author":60,"featured_media":234485,"comment_status":"open","ping_status":"open","sticky":false,"template":"","format":"standard","meta":{"footnotes":""},"categories":[16],"tags":[],"class_list":["post-234687","post","type-post","status-publish","format-standard","has-post-thumbnail","hentry","category-appuntamenti"],"_links":{"self":[{"href":"https:\/\/www.radioluna.it\/news\/wp-json\/wp\/v2\/posts\/234687","targetHints":{"allow":["GET"]}}],"collection":[{"href":"https:\/\/www.radioluna.it\/news\/wp-json\/wp\/v2\/posts"}],"about":[{"href":"https:\/\/www.radioluna.it\/news\/wp-json\/wp\/v2\/types\/post"}],"author":[{"embeddable":true,"href":"https:\/\/www.radioluna.it\/news\/wp-json\/wp\/v2\/users\/60"}],"replies":[{"embeddable":true,"href":"https:\/\/www.radioluna.it\/news\/wp-json\/wp\/v2\/comments?post=234687"}],"version-history":[{"count":0,"href":"https:\/\/www.radioluna.it\/news\/wp-json\/wp\/v2\/posts\/234687\/revisions"}],"wp:featuredmedia":[{"embeddable":true,"href":"https:\/\/www.radioluna.it\/news\/wp-json\/wp\/v2\/media\/234485"}],"wp:attachment":[{"href":"https:\/\/www.radioluna.it\/news\/wp-json\/wp\/v2\/media?parent=234687"}],"wp:term":[{"taxonomy":"category","embeddable":true,"href":"https:\/\/www.radioluna.it\/news\/wp-json\/wp\/v2\/categories?post=234687"},{"taxonomy":"post_tag","embeddable":true,"href":"https:\/\/www.radioluna.it\/news\/wp-json\/wp\/v2\/tags?post=234687"}],"curies":[{"name":"wp","href":"https:\/\/api.w.org\/{rel}","templated":true}]}}