{"id":234733,"date":"2018-11-23T10:48:56","date_gmt":"2018-11-23T09:48:56","guid":{"rendered":"https:\/\/www.radioluna.it\/news\/?p=234733"},"modified":"2018-11-23T10:48:56","modified_gmt":"2018-11-23T09:48:56","slug":"nerazzurri-in-campo-a-cassino-domenica-senza-supporter","status":"publish","type":"post","link":"https:\/\/www.radioluna.it\/news\/2018\/11\/nerazzurri-in-campo-a-cassino-domenica-senza-supporter\/","title":{"rendered":"Nerazzurri in campo a Cassino domenica senza supporter"},"content":{"rendered":"<div id=\"fb-root\"><\/div>\n<p style=\"text-align: justify;\"><strong>LATINA &#8211;<\/strong>\u00a0I tifosi nerazzurri non potranno sostenere la loro squadra domenica al \u201cGino Salveti\u201d di Cassino. L&#8217;ordinanza \u00e8 stata firmata dal prefetto di Frosinone Ignazio Portelli, dopo la protesta dei gruppi organizzati, rimasti fuori dal Francioni in occasione del match con la Torres. La notifica alla societ\u00e0 \u00e8 arrivata gioved\u00ec ed\u00a0\u00e8 stata presa in base alle motivazioni adottate dall\u2019Osservatorio Nazionale sulle Manifestazioni Sportive, che ha indicato la partita ad alto profilo di rischio. i precedenti tra le due tifoserie hanno inciso notevolmente.<\/p>\n<div class=\"radio-posizionamento-telefono-in-articoli-dopo-il-contenuto-articolo radio-entity-placement\" id=\"radio-2289171292\"><div id=\"radio-2045065017\"><a href=\"https:\/\/www.simeoneceramiche.com\/\" aria-label=\"SIMEONE CERAMICHE GIF animata per radioluna_Tavola disegno 1 copia 2 (online-video-cutter.com)\"><img loading=\"lazy\" decoding=\"async\" src=\"https:\/\/www.radioluna.it\/news\/wp-content\/uploads\/2025\/05\/SIMEONE-CERAMICHE-GIF-animata-per-radioluna_Tavola-disegno-1-copia-2-online-video-cutter.com_.gif\" alt=\"\"  width=\"300\" height=\"250\"   \/><\/a><\/div><\/div>","protected":false},"excerpt":{"rendered":"<p>LATINA &#8211;\u00a0I tifosi nerazzurri non potranno sostenere la loro squadra domenica al \u201cGino Salveti\u201d di Cassino. L&#8217;ordinanza \u00e8 stata firmata dal prefetto di Frosinone Ignazio Portelli, dopo la protesta dei gruppi organizzati, rimasti fuori dal Francioni in occasione del match con la Torres. La notifica alla societ\u00e0 \u00e8 arrivata gioved\u00ec ed\u00a0\u00e8 stata presa in base [&hellip;]<\/p>\n","protected":false},"author":60,"featured_media":0,"comment_status":"open","ping_status":"open","sticky":false,"template":"","format":"standard","meta":{"footnotes":""},"categories":[17],"tags":[],"class_list":["post-234733","post","type-post","status-publish","format-standard","hentry","category-sport"],"_links":{"self":[{"href":"https:\/\/www.radioluna.it\/news\/wp-json\/wp\/v2\/posts\/234733","targetHints":{"allow":["GET"]}}],"collection":[{"href":"https:\/\/www.radioluna.it\/news\/wp-json\/wp\/v2\/posts"}],"about":[{"href":"https:\/\/www.radioluna.it\/news\/wp-json\/wp\/v2\/types\/post"}],"author":[{"embeddable":true,"href":"https:\/\/www.radioluna.it\/news\/wp-json\/wp\/v2\/users\/60"}],"replies":[{"embeddable":true,"href":"https:\/\/www.radioluna.it\/news\/wp-json\/wp\/v2\/comments?post=234733"}],"version-history":[{"count":0,"href":"https:\/\/www.radioluna.it\/news\/wp-json\/wp\/v2\/posts\/234733\/revisions"}],"wp:attachment":[{"href":"https:\/\/www.radioluna.it\/news\/wp-json\/wp\/v2\/media?parent=234733"}],"wp:term":[{"taxonomy":"category","embeddable":true,"href":"https:\/\/www.radioluna.it\/news\/wp-json\/wp\/v2\/categories?post=234733"},{"taxonomy":"post_tag","embeddable":true,"href":"https:\/\/www.radioluna.it\/news\/wp-json\/wp\/v2\/tags?post=234733"}],"curies":[{"name":"wp","href":"https:\/\/api.w.org\/{rel}","templated":true}]}}