{"id":235244,"date":"2018-11-30T10:25:24","date_gmt":"2018-11-30T09:25:24","guid":{"rendered":"https:\/\/www.radioluna.it\/news\/?p=235244"},"modified":"2018-12-03T12:15:55","modified_gmt":"2018-12-03T11:15:55","slug":"spari-contro-la-vetrina-di-grandvision-al-morbella-di-latina-furto-da-adinolfi","status":"publish","type":"post","link":"https:\/\/www.radioluna.it\/news\/2018\/11\/spari-contro-la-vetrina-di-grandvision-al-morbella-di-latina-furto-da-adinolfi\/","title":{"rendered":"Spari contro la vetrina di Grandvision al Morbella di Latina. Furto da Adinolfi"},"content":{"rendered":"<div id=\"fb-root\"><\/div>\n<p style=\"text-align: justify;\"><strong>LATINA<\/strong> &#8211;\u00a0Un uomo ha sparato nella notte contro la vetrina di Grandvision al Morbella di Latina e poi si \u00e8 dileguato. La scoperta \u00e8 stata fatta questa mattina e sul posto \u00e8 intervenuta la polizia che ora sta visionando le immagini registrate dalle telecamere di sorveglianza del centro commerciale. Ritorsione? Intimidazione? Il pi\u00f9 semplice tentativo di rompere la vetrina per rubare merce? Su questo indagano gli investigatori della squadra mobile anche per capire se ci siano relazioni con il furto messo a segno nella notte nella centralissima ottica Giulio Adinolfi in\u00a0 Viale XXI Aprile dove \u00e8 stata rotta la vetrina e rubati circa 3000 euro di occhiali.<\/p>\n","protected":false},"excerpt":{"rendered":"<p>LATINA &#8211;\u00a0Un uomo ha sparato nella notte contro la vetrina di Grandvision al Morbella di Latina e poi si \u00e8 dileguato. La scoperta \u00e8 stata fatta questa mattina e sul posto \u00e8 intervenuta la polizia che ora sta visionando le immagini registrate dalle telecamere di sorveglianza del centro commerciale. Ritorsione? Intimidazione? Il pi\u00f9 semplice tentativo [&hellip;]<\/p>\n","protected":false},"author":62,"featured_media":235245,"comment_status":"open","ping_status":"open","sticky":false,"template":"","format":"standard","meta":{"footnotes":""},"categories":[7],"tags":[],"class_list":["post-235244","post","type-post","status-publish","format-standard","has-post-thumbnail","hentry","category-cronaca"],"_links":{"self":[{"href":"https:\/\/www.radioluna.it\/news\/wp-json\/wp\/v2\/posts\/235244","targetHints":{"allow":["GET"]}}],"collection":[{"href":"https:\/\/www.radioluna.it\/news\/wp-json\/wp\/v2\/posts"}],"about":[{"href":"https:\/\/www.radioluna.it\/news\/wp-json\/wp\/v2\/types\/post"}],"author":[{"embeddable":true,"href":"https:\/\/www.radioluna.it\/news\/wp-json\/wp\/v2\/users\/62"}],"replies":[{"embeddable":true,"href":"https:\/\/www.radioluna.it\/news\/wp-json\/wp\/v2\/comments?post=235244"}],"version-history":[{"count":0,"href":"https:\/\/www.radioluna.it\/news\/wp-json\/wp\/v2\/posts\/235244\/revisions"}],"wp:featuredmedia":[{"embeddable":true,"href":"https:\/\/www.radioluna.it\/news\/wp-json\/wp\/v2\/media\/235245"}],"wp:attachment":[{"href":"https:\/\/www.radioluna.it\/news\/wp-json\/wp\/v2\/media?parent=235244"}],"wp:term":[{"taxonomy":"category","embeddable":true,"href":"https:\/\/www.radioluna.it\/news\/wp-json\/wp\/v2\/categories?post=235244"},{"taxonomy":"post_tag","embeddable":true,"href":"https:\/\/www.radioluna.it\/news\/wp-json\/wp\/v2\/tags?post=235244"}],"curies":[{"name":"wp","href":"https:\/\/api.w.org\/{rel}","templated":true}]}}