{"id":235825,"date":"2018-12-08T12:25:06","date_gmt":"2018-12-08T11:25:06","guid":{"rendered":"https:\/\/www.radioluna.it\/news\/?p=235825"},"modified":"2018-12-08T12:33:48","modified_gmt":"2018-12-08T11:33:48","slug":"la-sala-concerti-del-circolo-cittadino-di-latina-intitolata-a-orazio-di-pietro","status":"publish","type":"post","link":"https:\/\/www.radioluna.it\/news\/2018\/12\/la-sala-concerti-del-circolo-cittadino-di-latina-intitolata-a-orazio-di-pietro\/","title":{"rendered":"La sala concerti del Circolo Cittadino di Latina intitolata a Orazio Di Pietro"},"content":{"rendered":"<div id=\"fb-root\"><\/div>\n<p style=\"text-align: justify;\">LATINA &#8211;\u00a0Si \u00e8 svolta alla presenza del Sindaco di Latina Damiano Coletta e di un folto pubblico la cerimonia di intitolazione della sala <em>Orazio Di Pietro<\/em>\u00a0al Circolo Cittadino di Latina. &#8220;Il celebre musicista e maestro di musica \u00e8 tornato nella sua casa e ci rester\u00e0 a futura memoria per chi passer\u00e0 di qui anche tra vent&#8217;anni&#8221;,\u00a0 ha sottolineato\u00a0 il primo cittadino nel suo discorso quando \u00e8 stata\u00a0 scoperta la targa posta all&#8217;ingresso della sala concerti.<\/p>\n<p style=\"text-align: justify;\">Commosso ed emozionato il Presidente della Fondazione Varaldo Di Pietro, Giovanni Di Pietro che ha ricordato come si \u00e8 giunti a questo atto nel ricordo di Orazio &#8220;con un percorso iniziato due anni fa con un evento privato proseguito la scorsa estate con il grande concerto di Peppino Di Capri organizzato in collaborazione con l&#8217;Associazione Eleomai presieduta da Alfredo Romano e con l&#8217;impegno futuro della Fondazione da me presieduta a perpetuare il ricordo di Orazio Di Pietro con altre iniziative di carattere culturale&#8221;.<\/p>\n<p style=\"text-align: justify;\">Dopo la proiezione del cortometraggio: \u201c&#8230;si dice gi\u00e0z!\u201d La vita e la musica di Orazio Di Pietro, che ne ha tracciato la storia artistica ed umana, l&#8217;omaggio musicale offerto da Erasmo Bencivenga, Nicola Borrelli, Giorgio Raponi, Vincenzo Bianchi, Giorgio Capurso, Marco Lo Russo, Line Masithela, Andrea Montecalvo, Stefano Raponi, Simone Sabatino, Luca Teson, Cinzia Montana, Natino Giardina, Jos\u00e8 Cucciardi che si sono avvicendati sul palco dedicando, ognuno di loro, un pezzo ad Orazio Di Pietro.<\/p>\n<p>Il Circolo Cittadino ospiter\u00e0 anche nei prossimi giorni la mostra fotografica che accompagna l&#8217;intitolazione.<\/p>\n","protected":false},"excerpt":{"rendered":"<p>LATINA &#8211;\u00a0Si \u00e8 svolta alla presenza del Sindaco di Latina Damiano Coletta e di un folto pubblico la cerimonia di intitolazione della sala Orazio Di Pietro\u00a0al Circolo Cittadino di Latina. &#8220;Il celebre musicista e maestro di musica \u00e8 tornato nella sua casa e ci rester\u00e0 a futura memoria per chi passer\u00e0 di qui anche tra [&hellip;]<\/p>\n","protected":false},"author":60,"featured_media":235826,"comment_status":"open","ping_status":"open","sticky":false,"template":"","format":"standard","meta":{"footnotes":""},"categories":[735],"tags":[],"class_list":["post-235825","post","type-post","status-publish","format-standard","has-post-thumbnail","hentry","category-attualita"],"_links":{"self":[{"href":"https:\/\/www.radioluna.it\/news\/wp-json\/wp\/v2\/posts\/235825","targetHints":{"allow":["GET"]}}],"collection":[{"href":"https:\/\/www.radioluna.it\/news\/wp-json\/wp\/v2\/posts"}],"about":[{"href":"https:\/\/www.radioluna.it\/news\/wp-json\/wp\/v2\/types\/post"}],"author":[{"embeddable":true,"href":"https:\/\/www.radioluna.it\/news\/wp-json\/wp\/v2\/users\/60"}],"replies":[{"embeddable":true,"href":"https:\/\/www.radioluna.it\/news\/wp-json\/wp\/v2\/comments?post=235825"}],"version-history":[{"count":0,"href":"https:\/\/www.radioluna.it\/news\/wp-json\/wp\/v2\/posts\/235825\/revisions"}],"wp:featuredmedia":[{"embeddable":true,"href":"https:\/\/www.radioluna.it\/news\/wp-json\/wp\/v2\/media\/235826"}],"wp:attachment":[{"href":"https:\/\/www.radioluna.it\/news\/wp-json\/wp\/v2\/media?parent=235825"}],"wp:term":[{"taxonomy":"category","embeddable":true,"href":"https:\/\/www.radioluna.it\/news\/wp-json\/wp\/v2\/categories?post=235825"},{"taxonomy":"post_tag","embeddable":true,"href":"https:\/\/www.radioluna.it\/news\/wp-json\/wp\/v2\/tags?post=235825"}],"curies":[{"name":"wp","href":"https:\/\/api.w.org\/{rel}","templated":true}]}}