{"id":235885,"date":"2018-12-10T12:18:55","date_gmt":"2018-12-10T11:18:55","guid":{"rendered":"https:\/\/www.radioluna.it\/news\/?p=235885"},"modified":"2018-12-10T12:20:07","modified_gmt":"2018-12-10T11:20:07","slug":"una-donna-alla-guida-dello-stabilimento-jannsen-di-latina","status":"publish","type":"post","link":"https:\/\/www.radioluna.it\/news\/2018\/12\/una-donna-alla-guida-dello-stabilimento-jannsen-di-latina\/","title":{"rendered":"Una donna alla guida dello stabilimento Jannsen di Latina"},"content":{"rendered":"<div id=\"fb-root\"><\/div>\n<p style=\"text-align: justify;\">LATINA &#8211; E&#8217;\u00a0Paula Shepherd, la nuova General Manager dello stabilimento produttivo Jannsen di Latina. E&#8217; una donna ed \u00e8 abituata a gestire situazioni pesanti come le \u00e8 accaduto in\u00a0Florida dove ha lavorato nello stabilimento di Jacsonville colpito dagli uragani Mattew e Irma. Qui, succede a Nico Sacco alla guida della sede pontina dell&#8217;azienda impegnata in diverse aree terapeutiche fra cui l\u2019oncoematologia, l\u2019immunologia, le neuroscienze, le malattie infettive e i vaccini, le malattie cardiovascolari e metaboliche.<\/p>\n<p style=\"text-align: justify;\">La Shepherd, che \u00e8 ingegnere chimico, laureata\u00a0 presso la Loughborough University in Gran Bretagna commenta:\u00a0\u00abSono felice e onorata di trasferirmi in Italia per guidare uno polo produttivo come quello di Latina, sinonimo di eccellenza a livello mondiale all\u2019interno e all\u2019esterno del Gruppo &#8211; ha dichiarato Paula Shepherd -. Ringrazio Nico Sacco per l\u2019importante lavoro svolto per il continuo sviluppo dello stabilimento, ottenendo risultati di crescita che hanno fatto la differenza. Conto di continuare su questo percorso, confermando il polo di Janssen Italia un punto nevralgico del network produttivo di Johnson &amp; Johnson\u00bb.<\/p>\n<p style=\"text-align: justify;\">Paula \u00e8 sostenitrice dello sviluppo e della formazione dei dipendenti, oltre ad essere stata un membro attivo del North America Supply Chain Talent Council nel 2017 e 2018. \u00c8 considerata leader nella creazione di importanti partnership con team cross-funzionali per il conseguimento di risultati di business chiave.<\/p>\n<p style=\"text-align: justify;\">\u00abDiamo in benvenuto alla dott.ssa Shepherd, a cui siamo felici di affidare la guida dell\u2019impianto di Latina, un gioiello di innovazione su cui stiamo investendo molto sia in termini di aumento della qualit\u00e0 e delle capacit\u00e0 produttive, sia di miglioramento delle opportunit\u00e0 offerte ai dipendenti e al territorio &#8211; ha commentato Massimo Scaccabarozzi, Presidente e Amministratore Delegato di Janssen Italia.<\/p>\n<p style=\"text-align: justify;\">\u00abIl lavoro svolto in questi anni \u00e8 stato impressionante e per questo colgo l\u2019occasione per salutare e ringraziare il collega Nico Sacco &#8211; conclude Pietro Santoro, Head of HR, Supply Chain &amp; R&amp;D Italy, Greece &amp; Israel -, un professionista che ha visto premiati il suo impegno e la sua dedizione con un ruolo strategico in Janssen Global\u00bb.<\/p>\n<p>&nbsp;<\/p>\n","protected":false},"excerpt":{"rendered":"<p>LATINA &#8211; E&#8217;\u00a0Paula Shepherd, la nuova General Manager dello stabilimento produttivo Jannsen di Latina. E&#8217; una donna ed \u00e8 abituata a gestire situazioni pesanti come le \u00e8 accaduto in\u00a0Florida dove ha lavorato nello stabilimento di Jacsonville colpito dagli uragani Mattew e Irma. Qui, succede a Nico Sacco alla guida della sede pontina dell&#8217;azienda impegnata in [&hellip;]<\/p>\n","protected":false},"author":62,"featured_media":235887,"comment_status":"open","ping_status":"open","sticky":false,"template":"","format":"standard","meta":{"footnotes":""},"categories":[735],"tags":[],"class_list":["post-235885","post","type-post","status-publish","format-standard","has-post-thumbnail","hentry","category-attualita"],"_links":{"self":[{"href":"https:\/\/www.radioluna.it\/news\/wp-json\/wp\/v2\/posts\/235885","targetHints":{"allow":["GET"]}}],"collection":[{"href":"https:\/\/www.radioluna.it\/news\/wp-json\/wp\/v2\/posts"}],"about":[{"href":"https:\/\/www.radioluna.it\/news\/wp-json\/wp\/v2\/types\/post"}],"author":[{"embeddable":true,"href":"https:\/\/www.radioluna.it\/news\/wp-json\/wp\/v2\/users\/62"}],"replies":[{"embeddable":true,"href":"https:\/\/www.radioluna.it\/news\/wp-json\/wp\/v2\/comments?post=235885"}],"version-history":[{"count":0,"href":"https:\/\/www.radioluna.it\/news\/wp-json\/wp\/v2\/posts\/235885\/revisions"}],"wp:featuredmedia":[{"embeddable":true,"href":"https:\/\/www.radioluna.it\/news\/wp-json\/wp\/v2\/media\/235887"}],"wp:attachment":[{"href":"https:\/\/www.radioluna.it\/news\/wp-json\/wp\/v2\/media?parent=235885"}],"wp:term":[{"taxonomy":"category","embeddable":true,"href":"https:\/\/www.radioluna.it\/news\/wp-json\/wp\/v2\/categories?post=235885"},{"taxonomy":"post_tag","embeddable":true,"href":"https:\/\/www.radioluna.it\/news\/wp-json\/wp\/v2\/tags?post=235885"}],"curies":[{"name":"wp","href":"https:\/\/api.w.org\/{rel}","templated":true}]}}