{"id":236239,"date":"2018-12-28T08:06:23","date_gmt":"2018-12-28T07:06:23","guid":{"rendered":"https:\/\/www.radioluna.it\/news\/?p=236239"},"modified":"2019-01-04T07:59:19","modified_gmt":"2019-01-04T06:59:19","slug":"cronometro-il-nuovo-brano-di-marco-fino-il-mio-tempo-e-la-musica","status":"publish","type":"post","link":"https:\/\/www.radioluna.it\/news\/2018\/12\/cronometro-il-nuovo-brano-di-marco-fino-il-mio-tempo-e-la-musica\/","title":{"rendered":"Cronometro, il nuovo brano di Marco Fino: &#8220;Il mio tempo \u00e8  la musica&#8221;"},"content":{"rendered":"<div id=\"fb-root\"><\/div>\n<p><iframe loading=\"lazy\" title=\"Cronometro\" width=\"740\" height=\"555\" src=\"https:\/\/www.youtube.com\/embed\/plxuXxN80Rc?feature=oembed\" frameborder=\"0\" allow=\"accelerometer; autoplay; clipboard-write; encrypted-media; gyroscope; picture-in-picture; web-share\" referrerpolicy=\"strict-origin-when-cross-origin\" allowfullscreen><\/iframe><\/p>\n<p style=\"text-align: justify;\"><strong>LATINA<\/strong> &#8211; Il tempo circolare della filosofia greca e quello lineare di quella cristiana: &#8220;Noi siamo e facciamo parte del tempo, e questo pezzo racconta di come l&#8217;individuo si rapporta al tempo. E&#8217; un pezzo totale&#8221;.\u00a0 E&#8217; Cronometro il nuovo brano di Marco Fino, giovane cantautore di Latina, presentato il 23 dicembre al Sottoscala, tappa di un tour ideale che lo vede sempre in movimento grazie a Contenuti Speciali: &#8220;Un collettivo nato da un&#8217;iniziativa di Chiazzetta che riunisce giovani artisti e ci d\u00e0 l&#8217;opportunit\u00e0 di conoscerci e di suonare. Grazie a loro ho tenuto tanti live, sono sempre in giro&#8221;.<\/p>\n<p style=\"text-align: justify;\">Dalla primo demo tutta sentimenti, ai nuovi pezzi (oltre a Cronometro altri quattro) \u00e8 un altro Marco Fino, quello che ascoltiamo, cresciuto dentro e fuori, con la chitarra sempre accanto: &#8220;Voglio ringraziare la mia universit\u00e0, la Sapienza. Gli studi che faccio presso la Facolt\u00e0 di Lettere Moderne mi hanno aiutato tantissimo, per la scrittura e per la conoscenza in generale, ma anche nel rapporto con gli altri. Dal punto di vista della musica, poi, la strada \u00e8 studiare, scoprire nuove linee melodiche, ascoltare gli altri, mi sento cresciuto, ma spero di continuare a crescere e vorrei quest&#8217;anno scrivere altri pezzi. Vorrei che questa fosse la mia strada. Suonare, anche solo nel fine settimana, mi aiuta a sentirmi vivo&#8221;.<\/p>\n<p><strong>ASCOLTA<\/strong><\/p>\n<audio class=\"wp-audio-shortcode\" id=\"audio-236239-1\" preload=\"none\" style=\"width: 100%;\" controls=\"controls\"><source type=\"audio\/mpeg\" src=\"https:\/\/www.radioluna.it\/news\/wp-content\/uploads\/2018\/12\/MARCO-FINO-CRONOMETRO-1.mp3?_=1\" \/><a href=\"https:\/\/www.radioluna.it\/news\/wp-content\/uploads\/2018\/12\/MARCO-FINO-CRONOMETRO-1.mp3\">https:\/\/www.radioluna.it\/news\/wp-content\/uploads\/2018\/12\/MARCO-FINO-CRONOMETRO-1.mp3<\/a><\/audio>\n<p style=\"text-align: justify;\">&#8220;Cronometro se ti avessi sarei meno umano senza difficolt\u00e0, abituarmi al nuovo sapore e al vento che va in direzione\u00a0 contraria alla rotta che io vorrei e non c&#8217;\u00e8 croce sul cuore che resista alla ruggine, e non c&#8217;\u00e8 mondo migliore che resista alla semplice staticit\u00e0&#8221;, suona il ritornello del pezzo nato da una frase scritta sul cellulare nel 2013 e ritrovata per caso.<\/p>\n<p style=\"text-align: justify;\">Il tempo di Marco Fino \u00e8 di sicuro quello della musica: &#8220;Ma non ho l&#8217;ansia esistenziale di produrre per forza qualcosa, dire per forza la mia. Anche se \u00e8 difficile competere in un certo mercato musicale, io tendo sempre a vivere la musica come mi piace, senza condizionamenti e questo mi rende felice&#8221;.<\/p>\n<p>Cronometro \u00e8 su tutte le piattaforme musicali, grazie anche alla collaborazione di\u00a0Lucrezia Nardacci che ne ha curato l\u2019arrangiamento e a Leonardo Deligia che ha firmato la grafica.<\/p>\n","protected":false},"excerpt":{"rendered":"<p>LATINA &#8211; Il tempo circolare della filosofia greca e quello lineare di quella cristiana: &#8220;Noi siamo e facciamo parte del tempo, e questo pezzo racconta di come l&#8217;individuo si rapporta al tempo. E&#8217; un pezzo totale&#8221;.\u00a0 E&#8217; Cronometro il nuovo brano di Marco Fino, giovane cantautore di Latina, presentato il 23 dicembre al Sottoscala, tappa [&hellip;]<\/p>\n","protected":false},"author":62,"featured_media":236953,"comment_status":"open","ping_status":"open","sticky":false,"template":"","format":"video","meta":{"footnotes":""},"categories":[735,2310,2312],"tags":[],"class_list":["post-236239","post","type-post","status-publish","format-video","has-post-thumbnail","hentry","category-attualita","category-audio","category-video","post_format-post-format-video"],"_links":{"self":[{"href":"https:\/\/www.radioluna.it\/news\/wp-json\/wp\/v2\/posts\/236239","targetHints":{"allow":["GET"]}}],"collection":[{"href":"https:\/\/www.radioluna.it\/news\/wp-json\/wp\/v2\/posts"}],"about":[{"href":"https:\/\/www.radioluna.it\/news\/wp-json\/wp\/v2\/types\/post"}],"author":[{"embeddable":true,"href":"https:\/\/www.radioluna.it\/news\/wp-json\/wp\/v2\/users\/62"}],"replies":[{"embeddable":true,"href":"https:\/\/www.radioluna.it\/news\/wp-json\/wp\/v2\/comments?post=236239"}],"version-history":[{"count":0,"href":"https:\/\/www.radioluna.it\/news\/wp-json\/wp\/v2\/posts\/236239\/revisions"}],"wp:featuredmedia":[{"embeddable":true,"href":"https:\/\/www.radioluna.it\/news\/wp-json\/wp\/v2\/media\/236953"}],"wp:attachment":[{"href":"https:\/\/www.radioluna.it\/news\/wp-json\/wp\/v2\/media?parent=236239"}],"wp:term":[{"taxonomy":"category","embeddable":true,"href":"https:\/\/www.radioluna.it\/news\/wp-json\/wp\/v2\/categories?post=236239"},{"taxonomy":"post_tag","embeddable":true,"href":"https:\/\/www.radioluna.it\/news\/wp-json\/wp\/v2\/tags?post=236239"}],"curies":[{"name":"wp","href":"https:\/\/api.w.org\/{rel}","templated":true}]}}