{"id":236324,"date":"2018-12-15T14:11:26","date_gmt":"2018-12-15T13:11:26","guid":{"rendered":"https:\/\/www.radioluna.it\/news\/?p=236324"},"modified":"2018-12-15T14:11:26","modified_gmt":"2018-12-15T13:11:26","slug":"moscardelli-pd-buone-notizie-per-lospedale-goretti","status":"publish","type":"post","link":"https:\/\/www.radioluna.it\/news\/2018\/12\/moscardelli-pd-buone-notizie-per-lospedale-goretti\/","title":{"rendered":"Moscardelli (Pd): &#8220;Buone notizie per l&#8217;ospedale Goretti&#8221;"},"content":{"rendered":"<div id=\"fb-root\"><\/div>\n<p style=\"text-align: justify;\"><strong>LATINA<\/strong> &#8211; &#8220;Il direttore generale della Asl Casati annuncia che \u00e8 prossimo l\u2019inizio dei lavori di ampliamento del Pronto Soccorso di Latina. Latina \u00e8 DEA di II livello , ossia ospedale di alte specialit\u00e0 , l\u2019unico nel Lazio fuori della citt\u00e0 di Roma. Punto di riferimento per l\u2019emergenza, la Asl ha programmato un ampliamento e una maggiore efficienza del Pronto Soccorso&#8221;.\u00a0 Lo riferisce il segretario provinciale del Pd Claudio Moscardelli in una lunga nota nella quale fa il punto sulle novit\u00e0 che interessano il Goretti con &#8220;l\u2019ampliamento della rianimazione , il completamente della Terapia Intensiva Neonatale per cui si sta procedendo al reclutamento dei medici specialisti, il riconoscimento della Regione dell\u2019ospedale come Stroke ready, grazie alle sue capacit\u00e0 di intervento , di trattamento e di riabilitazione dell\u2019ictus&#8221;.<\/p>\n<p style=\"text-align: justify;\">Rispondendo alle critiche rivolte in questi giorni al Pronto Soccorso di Latina, Moscardelli spiega che &#8220;con i lavori avremo 340 mq in pi\u00f9 , pi\u00f9 spazio per i codici rossi e pi\u00f9 posti letto , una \u201cholding area\u201d per gestire l\u2019emergenza del picco influenzale degli accessi. Dunque si risponde con i fatti . Altra polemica non comprensibile \u00e8 il fatto che Latina sia riferimento anche per Frosinone. Mi sarei aspettato polemiche per il caso contrario . \u00c8 normale che Latina sia riferimento perch\u00e9 il bacino di utenza di un DEA di II livello \u00e8 un milione di abitanti, ossia il Lazio meridionale . Il riferimento \u00e8 per le patologie gravi e per le emergenze e quindi Latina \u00e8 destinato ad essere sempre pi\u00f9 un ospedale di alte specialit\u00e0 e qualit\u00e0 con le risorse maggiori disponibili, dopo l\u2019uscita dal commissariamento, per personale e strumenti diagnostici&#8221;.<\/p>\n<p style=\"text-align: justify;\"><strong>IL FINANZIAMENTO PER LA NUOVA PALAZZINA\u00a0<\/strong> &#8211; &#8220;Abbiamo ottenuto dopo un incontro con Alessio D\u2019Amato, il finanziamento di 9 milioni di euro rispetto al programma di Casati di costruire una NUOVA ALA dell\u2019ospedale sfruttando la disponibilit\u00e0 di volumetrie gi\u00e0 individuata nel 2009 quando la Asl attivo\u2019 il procedimento urbanistico per ottenere il permesso di costruire. Mesi fa abbiamo dato notizia di questo finanziamento e la Asl ha approntato il progetto che \u00e8 al Ministero per essere validato e per poi andare in gara d\u2019appalto. Il nuovo ospedale , invece, sar\u00e0 possibile programmarlo perch\u00e9 la legge sull\u2019edilizia sanitaria bloccata per il Lazio da anni per il commissariamento , sar\u00e0 sbloccata rendendo disponibili 600 milioni di euro per il Lazio. Come PD ci siamo attivati e abbiamo presentato in Consiglio Regionale una mozione a prima firma La Penna e Forte e poi sottoscritta, votata e approvata all\u2019unanimit\u00e0 per impegnare la Giunta alla costruzione del nuovo ospedale di Latina&#8221;.<\/p>\n<p style=\"text-align: justify;\"><strong>I TEMI CALDI<\/strong> &#8211;\u00a0Insomma, per Moscardelli &#8220;i temi caldi riguardano altro. A Latina occorrono, come per gli altri presidi ospedalieri, le autorizzazioni per i concorsi di struttura complessa . Troppi reparti (UOC) senza Primari (direttori ). Bisogna salvaguardare gli ospedalieri per evitare che UOC dell\u2019assistenza siano occupate da universitari che fanno ricerca e didattica . Occorrono le risorse di cui Latina non ha beneficiato per avere medici ed infermieri e per realizzare le strutture sanitarie e i servizi della rete territoriale per la presa in carico delle patologie croniche , per decongestionare gli ospedali dal ricorso per cure inappropriate dovuto alla mancanza di alternative . La quota capitaria ( le risorse del fondo sanit\u00e0 per ciascun abitante ) debbono essere subito riviste . Abbiamo avuto centinaia di milioni di euro in meno rispetto a Frosinone negli ultimi anni per la differenza di quota capitaria , la pi\u00f9 bassa del Lazio. Le province non possono pi\u00f9 finanziare il deficit dei grandi ospedali romani e Latina non pu\u00f2 essere pi\u00f9 l\u2019ultima del Lazio per la quota capitaria . Le risorse per la meritoria attivit\u00e0 di stabilizzazione dei precari non coprono le esigenze di assunzione di nuovo personale . Da Aprilia a Formia , in tutta la provincia , strutture ospedaliere e rete territoriale dei servizi possono fare un balzo in avanti per dare una risposta adeguata alle esigenze di cura dei cittadini . Non basta pi\u00f9 la generosit\u00e0 e la responsabilit\u00e0 del personale della sanit\u00e0 Pontina per far fronte a tutto. Ci aspettiamo una correzione di rotta significativa sul budget per la Asl di Latina&#8221;.<\/p>\n","protected":false},"excerpt":{"rendered":"<p>LATINA &#8211; &#8220;Il direttore generale della Asl Casati annuncia che \u00e8 prossimo l\u2019inizio dei lavori di ampliamento del Pronto Soccorso di Latina. Latina \u00e8 DEA di II livello , ossia ospedale di alte specialit\u00e0 , l\u2019unico nel Lazio fuori della citt\u00e0 di Roma. Punto di riferimento per l\u2019emergenza, la Asl ha programmato un ampliamento e [&hellip;]<\/p>\n","protected":false},"author":60,"featured_media":155733,"comment_status":"open","ping_status":"open","sticky":false,"template":"","format":"standard","meta":{"footnotes":""},"categories":[8],"tags":[],"class_list":["post-236324","post","type-post","status-publish","format-standard","has-post-thumbnail","hentry","category-politica"],"_links":{"self":[{"href":"https:\/\/www.radioluna.it\/news\/wp-json\/wp\/v2\/posts\/236324","targetHints":{"allow":["GET"]}}],"collection":[{"href":"https:\/\/www.radioluna.it\/news\/wp-json\/wp\/v2\/posts"}],"about":[{"href":"https:\/\/www.radioluna.it\/news\/wp-json\/wp\/v2\/types\/post"}],"author":[{"embeddable":true,"href":"https:\/\/www.radioluna.it\/news\/wp-json\/wp\/v2\/users\/60"}],"replies":[{"embeddable":true,"href":"https:\/\/www.radioluna.it\/news\/wp-json\/wp\/v2\/comments?post=236324"}],"version-history":[{"count":0,"href":"https:\/\/www.radioluna.it\/news\/wp-json\/wp\/v2\/posts\/236324\/revisions"}],"wp:featuredmedia":[{"embeddable":true,"href":"https:\/\/www.radioluna.it\/news\/wp-json\/wp\/v2\/media\/155733"}],"wp:attachment":[{"href":"https:\/\/www.radioluna.it\/news\/wp-json\/wp\/v2\/media?parent=236324"}],"wp:term":[{"taxonomy":"category","embeddable":true,"href":"https:\/\/www.radioluna.it\/news\/wp-json\/wp\/v2\/categories?post=236324"},{"taxonomy":"post_tag","embeddable":true,"href":"https:\/\/www.radioluna.it\/news\/wp-json\/wp\/v2\/tags?post=236324"}],"curies":[{"name":"wp","href":"https:\/\/api.w.org\/{rel}","templated":true}]}}