{"id":236470,"date":"2018-12-18T18:26:13","date_gmt":"2018-12-18T17:26:13","guid":{"rendered":"https:\/\/www.radioluna.it\/news\/?p=236470"},"modified":"2021-05-25T19:22:19","modified_gmt":"2021-05-25T17:22:19","slug":"latina-e-cardioprotetta-con-i-defibrillatori-pubblici-li-useranno-i-cittadini","status":"publish","type":"post","link":"https:\/\/www.radioluna.it\/news\/2018\/12\/latina-e-cardioprotetta-con-i-defibrillatori-pubblici-li-useranno-i-cittadini\/","title":{"rendered":"Latina \u00e8 cardioprotetta con i defibrillatori pubblici: li useranno i cittadini"},"content":{"rendered":"<div id=\"fb-root\"><\/div>\n<p><em>(nella foto il defibrillatore in Via Diaz)<\/em><\/p>\n<p style=\"text-align: justify;\"><strong>LATINA<\/strong> &#8211; Latina diventa citt\u00e0 cardio-protetta grazie ad una rete di defibrillatori che verranno installati in punti strategici: prima nel centro cittadino, poi in periferia, nei borghi, e infine in tutta la provincia. I primi cinque sono gi\u00e0 pronti e la fase successiva sar\u00e0 istruire i cittadini, magari i commercianti che sono pi\u00f9 vicini allo strumento salvavita. S\u00ec, perch\u00e9 questi defibrillatori pubblici, dovranno essere usati non da personale esperto, ma da &#8220;laici&#8221;, cittadini comuni che non sono n\u00e9 infermieri, n\u00e9 medici, n\u00e9 operatori dell&#8217;emergenza, ma diventeranno protagonisti in fasi cruciali e che in qualche modo dovranno adottare questi apparecchi capaci di fare una diagnosi e di attivarsi solo se necessario, teleguidando chi li utilizza.<\/p>\n<p style=\"text-align: justify;\">A tenere a battesimo il progetto nella sala De Pasquale del Comune, nell&#8217;ambito delle celebrazioni per\u00a0 gli 86 anni di Latina, \u00e8 stato <strong>il sindaco Damiano Coletta,<\/strong> che per un giorno ha rimesso il camice bianco: &#8220;Si concretizza un progetto che abbiamo tutti fortemente voluto, maggioranza e minoranza. La lista dei ringraziamenti \u00e8 molto lunga&#8221;.\u00a0 A cominciare dal<strong>l&#8217;associazione Latina Cuore presieduta da Giovanni Stivali e dall&#8217;associazione Cse di Christian Manzi<\/strong>.<\/p>\n<p style=\"text-align: justify;\">Cos\u00ec, anche i cittadini entrano nell&#8217;efficiente Rete dell&#8217;Infarto nata nel gennaio del 2013. &#8220;&#8221;Succede perch\u00e9 il Goretti ha una unit\u00e0 di emodinamica e di terapia intensiva cardiologica che ha portato Latina ai vertici nazionali, terza in Italia e prima nel Lazio per numero di trattamenti eseguiti&#8221;, ha detto il <strong>direttore generale della Asl Giorgio Casati.<\/strong> Una struttura le cui prestazioni sono sempre in ascesa come dimostra il dato che la vede nel 2018 superare Massa nel 2018 e mettersi in pole position per essere certificata seconda nella graduatoria nazionale. &#8220;Ma non ci fermiamo, ha assicurato <strong>il professor Francesco Versaci responsabile della Uoc Utic del Goretti<\/strong>\u00a0 &#8211; Ecco il perch\u00e9 dei defibrillatori&#8221;.<\/p>\n<p style=\"text-align: justify;\"><strong>ASCOLTA\u00a0<\/strong><\/p>\n<audio class=\"wp-audio-shortcode\" id=\"audio-236470-1\" preload=\"none\" style=\"width: 100%;\" controls=\"controls\"><source type=\"audio\/mpeg\" src=\"https:\/\/www.radioluna.it\/news\/wp-content\/uploads\/2018\/12\/versaci-lunga-citt\u00e0-cardioprotetta.mp3?_=1\" \/><a href=\"https:\/\/www.radioluna.it\/news\/wp-content\/uploads\/2018\/12\/versaci-lunga-citt\u00e0-cardioprotetta.mp3\">https:\/\/www.radioluna.it\/news\/wp-content\/uploads\/2018\/12\/versaci-lunga-citt\u00e0-cardioprotetta.mp3<\/a><\/audio>\n<p style=\"text-align: justify;\"><strong>UN NUOVO MODELLO DI SANITA&#8217;<\/strong> &#8211; &#8220;Non vogliamo solo inaugurare i defibrillatori oggi, vogliamo promuovere un modello nuovo di sanit\u00e0 e di salute in cui il cittadino e&#8217; anche attore e collabora nei momenti pi\u00f9 drammatici e dell&#8217;emergenza&#8221;, ha detto <strong>la cardiologa Rita Di Rosa<\/strong> spiegando che si tratta di accorciare ancora il tempo dell&#8217;intervento su chi \u00e8 colpito da infarto con l&#8217;obiettivo di erogare la prima prestazione in un tempo massimo di dieci minuti che dovranno nel tempo diventare\u00a0 quattro.<\/p>\n<p style=\"text-align: justify;\">Nella rete dell&#8217;infarto\u00a0 svolge un ruolo fondamentale il 118. &#8220;Quella dei defibrillatori \u00e8 l&#8217;attivazione dell&#8217;anello mancante. L&#8217;intervento\u00a0 precoce all&#8217;atto del malore cambia completamente la prognosi, ha sottolineato <strong>Maria Paola Corradi, dirigente dell&#8217;Ares 118<\/strong> &#8211; nel momento in cui il totem con il defibrillatore viene aperto manda un segnale di allarme e il 118 pu\u00f2 gi\u00e0 inviare in zona un mezzo di emergenza migliorando i tempi di trasferimento&#8221;.<\/p>\n<p>Le zone scelte per i defibrillatori sono:<\/p>\n<p>Zona pub<br \/>\nPiazza del Popolo<br \/>\nPiazzale delle Autolinee<br \/>\nCorso della Repubblica\/Teatro<br \/>\nPiccarello<br \/>\nVia Isonzo<br \/>\nVia del Lido (Rotonda Q5)<br \/>\nQ4\/Q5<br \/>\nCapo Portiere<br \/>\nVia Romagnoli<\/p>\n<p>&nbsp;<\/p>\n<p style=\"text-align: justify;\">\n","protected":false},"excerpt":{"rendered":"<p>(nella foto il defibrillatore in Via Diaz) LATINA &#8211; Latina diventa citt\u00e0 cardio-protetta grazie ad una rete di defibrillatori che verranno installati in punti strategici: prima nel centro cittadino, poi in periferia, nei borghi, e infine in tutta la provincia. I primi cinque sono gi\u00e0 pronti e la fase successiva sar\u00e0 istruire i cittadini, magari [&hellip;]<\/p>\n","protected":false},"author":62,"featured_media":236472,"comment_status":"open","ping_status":"open","sticky":false,"template":"","format":"standard","meta":{"footnotes":""},"categories":[2616],"tags":[],"class_list":["post-236470","post","type-post","status-publish","format-standard","has-post-thumbnail","hentry","category-sanita"],"_links":{"self":[{"href":"https:\/\/www.radioluna.it\/news\/wp-json\/wp\/v2\/posts\/236470","targetHints":{"allow":["GET"]}}],"collection":[{"href":"https:\/\/www.radioluna.it\/news\/wp-json\/wp\/v2\/posts"}],"about":[{"href":"https:\/\/www.radioluna.it\/news\/wp-json\/wp\/v2\/types\/post"}],"author":[{"embeddable":true,"href":"https:\/\/www.radioluna.it\/news\/wp-json\/wp\/v2\/users\/62"}],"replies":[{"embeddable":true,"href":"https:\/\/www.radioluna.it\/news\/wp-json\/wp\/v2\/comments?post=236470"}],"version-history":[{"count":0,"href":"https:\/\/www.radioluna.it\/news\/wp-json\/wp\/v2\/posts\/236470\/revisions"}],"wp:featuredmedia":[{"embeddable":true,"href":"https:\/\/www.radioluna.it\/news\/wp-json\/wp\/v2\/media\/236472"}],"wp:attachment":[{"href":"https:\/\/www.radioluna.it\/news\/wp-json\/wp\/v2\/media?parent=236470"}],"wp:term":[{"taxonomy":"category","embeddable":true,"href":"https:\/\/www.radioluna.it\/news\/wp-json\/wp\/v2\/categories?post=236470"},{"taxonomy":"post_tag","embeddable":true,"href":"https:\/\/www.radioluna.it\/news\/wp-json\/wp\/v2\/tags?post=236470"}],"curies":[{"name":"wp","href":"https:\/\/api.w.org\/{rel}","templated":true}]}}