{"id":236501,"date":"2018-12-19T07:53:36","date_gmt":"2018-12-19T06:53:36","guid":{"rendered":"https:\/\/www.radioluna.it\/news\/?p=236501"},"modified":"2018-12-20T05:47:59","modified_gmt":"2018-12-20T04:47:59","slug":"una-canzone-per-eugenio","status":"publish","type":"post","link":"https:\/\/www.radioluna.it\/news\/2018\/12\/una-canzone-per-eugenio\/","title":{"rendered":"Una canzone per Eugenio"},"content":{"rendered":"<div id=\"fb-root\"><\/div>\n<p style=\"text-align: justify;\"><strong>LATINA<\/strong> &#8211; Ricordare Eugenio con un pezzo di musica rock americana. &#8220;E&#8217; quello il linguaggio che conosco, che mi piace e che suono con il mio gruppo da sempre nel mio viaggio musicale &#8220;, dice Tony Montecalvo autore del brano. Si chiama I close my eyes la canzone scritta e registrata, per ora in una versione nuda, con il gruppo storico dei\u00a0 The Dream Catchers, a due anni dalla tragedia di Via Veio ancora impressa nella mente di tanti.<\/p>\n<p style=\"text-align: justify;\">&#8220;I close my eyes, keep on walkin&#8217; through the fields of dreams And follow every shadow in the night Into the land where everything is right&#8221;, attacca la canzone. &#8220;Ci ho messo dentro le mie sensazioni perch\u00e9 sono padre anche io. E&#8217; una riflessione su come, in una frazione di secondo, la vita possa cambiare &#8211; spiega il musicista di Latina che ha lavorato con Francesco Ciccone al violino, Angelo Vincenti alla fisarmonica,\u00a0 Andrea De Cesaris alla batteria, Claudio Scandurra alle chitarre, Pino Giudicianni al basso. Parlare del pezzo e delle ragioni che lo hanno spinto a scriverlo non \u00e8 facile, oggi ( mercoled\u00ec 19) lo suoner\u00e0 per condividerlo con chi parteciper\u00e0 al ricordo di <span style=\"display: inline !important; float: none; background-color: transparent; color: #333333; cursor: text; font-family: Georgia,'Times New Roman','Bitstream Charter',Times,serif; font-size: 16px; font-style: normal; font-variant: normal; font-weight: 400; letter-spacing: normal; orphans: 2; text-align: left; text-decoration: none; text-indent: 0px; text-transform: none; -webkit-text-stroke-width: 0px; white-space: normal; word-spacing: 0px;\">Eugenio Mucci nella Messa delle 18 nella Chiesa di Santa Rita a Latina.<\/span><\/p>\n<audio class=\"wp-audio-shortcode\" id=\"audio-236501-1\" preload=\"none\" style=\"width: 100%;\" controls=\"controls\"><source type=\"audio\/mpeg\" src=\"https:\/\/www.radioluna.it\/news\/wp-content\/uploads\/2018\/12\/close-my-eyes-tony-montecalvo.mp3?_=1\" \/><a href=\"https:\/\/www.radioluna.it\/news\/wp-content\/uploads\/2018\/12\/close-my-eyes-tony-montecalvo.mp3\">https:\/\/www.radioluna.it\/news\/wp-content\/uploads\/2018\/12\/close-my-eyes-tony-montecalvo.mp3<\/a><\/audio>\n<p style=\"text-align: justify;\"><strong>IL TESTO DELLA CANZONE<\/strong><\/p>\n<p style=\"text-align: justify;\">I close my eyes<br \/>\n(canzone per Eugenio)<br \/>\ndi Tony Montecalvo.<\/p>\n<p>I close my eyes, keep on walkin&#8217; through the fields of dreams<br \/>\nAnd follow every shadow in the night<br \/>\nInto the land where everything is right<br \/>\nI close my eyes, good smell of your breathe by my side my fingers ends where your shoulders start<br \/>\nI close my eyes feelin&#8217; our hearts<br \/>\nI close my eyes, at the end of another workin&#8217; day Spent tryin&#8217; to go walkin&#8217; the right way<br \/>\nBuildin&#8217; day by day good place to stay<br \/>\nWhat happen to my dreams turnin&#8217; into nightmares I dreamed about the walls that fallin&#8217; down<br \/>\nI see only dust and nothin&#8217; all around<br \/>\nI&#8217;m tryin&#8217; to wake up cryin&#8217;&#8230;I couldn&#8217;t do<br \/>\nOpen my eyes, I&#8217;m still walkin&#8217;<br \/>\nWalkin&#8217; through the grassfields of my soul And see you walkin&#8217; smilin&#8217; by my side<br \/>\nWhat happen to my dreams turnin&#8217; into nigthmares&#8230;<br \/>\nWhat about the dreams, we share together<br \/>\nWhat about the dreams we are workin&#8217; for<br \/>\nWhat about our smile in a weddin&#8217; day<br \/>\nInto the darkness I see us walkin&#8217;&#8230;and fade away<\/p>\n","protected":false},"excerpt":{"rendered":"<p>LATINA &#8211; Ricordare Eugenio con un pezzo di musica rock americana. &#8220;E&#8217; quello il linguaggio che conosco, che mi piace e che suono con il mio gruppo da sempre nel mio viaggio musicale &#8220;, dice Tony Montecalvo autore del brano. Si chiama I close my eyes la canzone scritta e registrata, per ora in una [&hellip;]<\/p>\n","protected":false},"author":62,"featured_media":236502,"comment_status":"open","ping_status":"open","sticky":false,"template":"","format":"standard","meta":{"footnotes":""},"categories":[2310,7],"tags":[],"class_list":["post-236501","post","type-post","status-publish","format-standard","has-post-thumbnail","hentry","category-audio","category-cronaca"],"_links":{"self":[{"href":"https:\/\/www.radioluna.it\/news\/wp-json\/wp\/v2\/posts\/236501","targetHints":{"allow":["GET"]}}],"collection":[{"href":"https:\/\/www.radioluna.it\/news\/wp-json\/wp\/v2\/posts"}],"about":[{"href":"https:\/\/www.radioluna.it\/news\/wp-json\/wp\/v2\/types\/post"}],"author":[{"embeddable":true,"href":"https:\/\/www.radioluna.it\/news\/wp-json\/wp\/v2\/users\/62"}],"replies":[{"embeddable":true,"href":"https:\/\/www.radioluna.it\/news\/wp-json\/wp\/v2\/comments?post=236501"}],"version-history":[{"count":0,"href":"https:\/\/www.radioluna.it\/news\/wp-json\/wp\/v2\/posts\/236501\/revisions"}],"wp:featuredmedia":[{"embeddable":true,"href":"https:\/\/www.radioluna.it\/news\/wp-json\/wp\/v2\/media\/236502"}],"wp:attachment":[{"href":"https:\/\/www.radioluna.it\/news\/wp-json\/wp\/v2\/media?parent=236501"}],"wp:term":[{"taxonomy":"category","embeddable":true,"href":"https:\/\/www.radioluna.it\/news\/wp-json\/wp\/v2\/categories?post=236501"},{"taxonomy":"post_tag","embeddable":true,"href":"https:\/\/www.radioluna.it\/news\/wp-json\/wp\/v2\/tags?post=236501"}],"curies":[{"name":"wp","href":"https:\/\/api.w.org\/{rel}","templated":true}]}}