{"id":236651,"date":"2018-12-21T08:26:24","date_gmt":"2018-12-21T07:26:24","guid":{"rendered":"https:\/\/www.radioluna.it\/news\/?p=236651"},"modified":"2018-12-24T19:03:09","modified_gmt":"2018-12-24T18:03:09","slug":"molotov-al-rosselli-di-aprilia-lo-studente-che-le-ha-lanciate-e-accusato-di-strage","status":"publish","type":"post","link":"https:\/\/www.radioluna.it\/news\/2018\/12\/molotov-al-rosselli-di-aprilia-lo-studente-che-le-ha-lanciate-e-accusato-di-strage\/","title":{"rendered":"Molotov al Rosselli di Aprilia, lo studente che le ha lanciate \u00e8 accusato di strage"},"content":{"rendered":"<div id=\"fb-root\"><\/div>\n<p style=\"text-align: justify;\"><strong>APRILIA<\/strong> &#8211; Aprilia si risveglia dopo l&#8217;incubo, quello cominciato poco dopo le 8 di ieri mattina quando un alunno di 15 anni si \u00e8 presentato con 8 molotov nel sua scuola, l&#8217;Istituto Rosselli, meditando un&#8217;azione esemplare che poco dopo ha cercato di mettere in atto. Le telecamere lo inquadrano mentre arriva con due zaini, poco dopo,\u00a0 in un bagno del secondo piano,\u00a0 indosser\u00e0 la mimetica del softair, il gioco di cui \u00e8 appassionato, e lancer\u00e0 urlando tre delle otto bottiglie incendiarie tra le scale e i laboratori di chimica e di informatica. L&#8217;allarme scatta subito, mentre studenti e professori impauriti fuggono, arrivano i carabinieri del Reparto Territoriale che lo fermano.<\/p>\n<p style=\"text-align: justify;\"><strong>LE BOMBE<\/strong> &#8211; Dalle prime analisi sui resti delle bombe a mano fabbricate dal quindicenne \u00e8 emerso che erano state realizzate con perizia, seguendo un manuale di istruzioni scaricato da internet, ma \u00e8 stato utilizzato un combustibile per stufe, fortunatamente non benzina la cui potenza esplosiva avrebbe reso tutto pi\u00f9 drammatico.<\/p>\n<p style=\"text-align: justify;\">PERCHE&#8217; &#8211; Ma la vera domanda \u00e8 perch\u00e9. Che cosa ha scatenato in un ragazzo apparentemente normale, figlio di una famiglia normale, una furia tale. Quello che \u00e8 noto \u00e8 che lo studente aveva avuto un diverbio con i compagni di classe, perch\u00e9 non si era presentato ad un&#8217;interrogazione programmata. &#8220;A scuola \u00e8 routine&#8221;, dice la dirigente. Forse si era sentito maltrattato, isolato, nella sua testa quell&#8217;episodio si era ingigantito fino a fargli meditare un attentato che poteva avere un esito drammatico. Sono solo ipotesi al momento: lui ai carabinieri ha detto di essere vittima di bullismo.<\/p>\n<p style=\"text-align: justify;\">Cos\u00ec, mentre gli insegnanti si interrogano sui possibili segnali non colti, la dirigente scolastica ha deciso che nell&#8217;ultimo giorno di scuola prima delle vacanze non si terr\u00e0 alcuna attivit\u00e0 didattica e rester\u00e0 chiusa l&#8217;ala est dell&#8217;edificio scolastico che si trova in Via del Carrocceto.<\/p>\n<p>Il caso sar\u00e0 anche al centro del Consiglio provinciale.<\/p>\n<p>&nbsp;<\/p>\n","protected":false},"excerpt":{"rendered":"<p>APRILIA &#8211; Aprilia si risveglia dopo l&#8217;incubo, quello cominciato poco dopo le 8 di ieri mattina quando un alunno di 15 anni si \u00e8 presentato con 8 molotov nel sua scuola, l&#8217;Istituto Rosselli, meditando un&#8217;azione esemplare che poco dopo ha cercato di mettere in atto. Le telecamere lo inquadrano mentre arriva con due zaini, poco [&hellip;]<\/p>\n","protected":false},"author":62,"featured_media":236656,"comment_status":"open","ping_status":"open","sticky":false,"template":"","format":"standard","meta":{"footnotes":""},"categories":[7],"tags":[],"class_list":["post-236651","post","type-post","status-publish","format-standard","has-post-thumbnail","hentry","category-cronaca"],"_links":{"self":[{"href":"https:\/\/www.radioluna.it\/news\/wp-json\/wp\/v2\/posts\/236651","targetHints":{"allow":["GET"]}}],"collection":[{"href":"https:\/\/www.radioluna.it\/news\/wp-json\/wp\/v2\/posts"}],"about":[{"href":"https:\/\/www.radioluna.it\/news\/wp-json\/wp\/v2\/types\/post"}],"author":[{"embeddable":true,"href":"https:\/\/www.radioluna.it\/news\/wp-json\/wp\/v2\/users\/62"}],"replies":[{"embeddable":true,"href":"https:\/\/www.radioluna.it\/news\/wp-json\/wp\/v2\/comments?post=236651"}],"version-history":[{"count":0,"href":"https:\/\/www.radioluna.it\/news\/wp-json\/wp\/v2\/posts\/236651\/revisions"}],"wp:featuredmedia":[{"embeddable":true,"href":"https:\/\/www.radioluna.it\/news\/wp-json\/wp\/v2\/media\/236656"}],"wp:attachment":[{"href":"https:\/\/www.radioluna.it\/news\/wp-json\/wp\/v2\/media?parent=236651"}],"wp:term":[{"taxonomy":"category","embeddable":true,"href":"https:\/\/www.radioluna.it\/news\/wp-json\/wp\/v2\/categories?post=236651"},{"taxonomy":"post_tag","embeddable":true,"href":"https:\/\/www.radioluna.it\/news\/wp-json\/wp\/v2\/tags?post=236651"}],"curies":[{"name":"wp","href":"https:\/\/api.w.org\/{rel}","templated":true}]}}