{"id":236680,"date":"2018-12-21T12:58:03","date_gmt":"2018-12-21T11:58:03","guid":{"rendered":"https:\/\/www.radioluna.it\/news\/?p=236680"},"modified":"2018-12-21T12:58:25","modified_gmt":"2018-12-21T11:58:25","slug":"legittime-le-partite-pregresse-la-corte-dappello-da-ragione-ad-acqualatina","status":"publish","type":"post","link":"https:\/\/www.radioluna.it\/news\/2018\/12\/legittime-le-partite-pregresse-la-corte-dappello-da-ragione-ad-acqualatina\/","title":{"rendered":"&#8220;Legittime le partite pregresse&#8221;, la Corte D&#8217;Appello d\u00e0 ragione ad Acqualatina"},"content":{"rendered":"<div id=\"fb-root\"><\/div>\n<p style=\"text-align: justify;\"><strong>LATINA<\/strong> &#8211; La Seconda Sezione della Corte d\u2019Appello di Roma\u00a0 d\u00e0 ragione ad Acqualatina sulle partite pregresse decidendo &#8220;in senso totalmente opposto a quanto statuito dalla Decima Sezione del Tribunale di Roma&#8221; e ritenendole in sostanza legittime, perch\u00e9 non violano\u00a0 &#8211; secondo i giudici &#8211;\u00a0 n\u00e9 il principio di irretroattivit\u00e0 n\u00e9 quello di corrispettivit\u00e0.<\/p>\n<p style=\"text-align: justify;\">Ne danno notizia non appena ricevuta la notifica dell&#8217;ordinanza, gli avvocati che hanno promosso la class action contro il gestore idrico, che cos\u00ec commentano: &#8220;La Corte d\u2019Appello sussume in maniera, a nostro avviso, errata la legittimit\u00e0 delle partite pregresse recependo in toto le tesi del gestore. Ovviamente rispettiamo la sentenza ma rimaniamo convinti delle argomentazioni da noi dedotte e che hanno trovato accoglimento innanzi al Tribunale di Roma e a molteplici altri Tribunali e Corti d\u2019Appello d\u2019Italia&#8221;.<\/p>\n<p style=\"text-align: justify;\">&#8220;L\u2019Ordinanza\u00a0 &#8211; aggiungono &#8211; giunge solo oggi, a quasi quattro mesi dal deposito del reclamo, ben oltre il termine di 40 giorni previsto dalla legge e ci\u00f2, attesa la non sospensione degli effetti dell\u2019Ordinanza di primo grado, ha indotto la prosecuzione della raccolta delle adesioni finora&#8221;.<\/p>\n<p style=\"text-align: justify;\">Da oggi, quindi, non sar\u00e0 pi\u00f9 possibile aderire alla Class Action contro Acqualatina per il recupero delle componenti per partite pregresse. &#8220;La nostra battaglia contro Acqualatina s.p.a. per una gestione trasparente ed efficace del servizio idrico nell\u2019ATO4 e, pi\u00f9 in generale, per la ripubblicizzazione dell\u2019acqua continuer\u00e0 in ogni sede, pi\u00f9 forte di prima, essendo gi\u00e0 in corso di valutazione azioni giudiziarie alternative per tutelare tutti coloro che hanno creduto in questa battaglia di giustizia&#8221;.<\/p>\n<p>&nbsp;<\/p>\n","protected":false},"excerpt":{"rendered":"<p>LATINA &#8211; La Seconda Sezione della Corte d\u2019Appello di Roma\u00a0 d\u00e0 ragione ad Acqualatina sulle partite pregresse decidendo &#8220;in senso totalmente opposto a quanto statuito dalla Decima Sezione del Tribunale di Roma&#8221; e ritenendole in sostanza legittime, perch\u00e9 non violano\u00a0 &#8211; secondo i giudici &#8211;\u00a0 n\u00e9 il principio di irretroattivit\u00e0 n\u00e9 quello di corrispettivit\u00e0. Ne [&hellip;]<\/p>\n","protected":false},"author":62,"featured_media":0,"comment_status":"open","ping_status":"open","sticky":false,"template":"","format":"standard","meta":{"footnotes":""},"categories":[7],"tags":[],"class_list":["post-236680","post","type-post","status-publish","format-standard","hentry","category-cronaca"],"_links":{"self":[{"href":"https:\/\/www.radioluna.it\/news\/wp-json\/wp\/v2\/posts\/236680","targetHints":{"allow":["GET"]}}],"collection":[{"href":"https:\/\/www.radioluna.it\/news\/wp-json\/wp\/v2\/posts"}],"about":[{"href":"https:\/\/www.radioluna.it\/news\/wp-json\/wp\/v2\/types\/post"}],"author":[{"embeddable":true,"href":"https:\/\/www.radioluna.it\/news\/wp-json\/wp\/v2\/users\/62"}],"replies":[{"embeddable":true,"href":"https:\/\/www.radioluna.it\/news\/wp-json\/wp\/v2\/comments?post=236680"}],"version-history":[{"count":0,"href":"https:\/\/www.radioluna.it\/news\/wp-json\/wp\/v2\/posts\/236680\/revisions"}],"wp:attachment":[{"href":"https:\/\/www.radioluna.it\/news\/wp-json\/wp\/v2\/media?parent=236680"}],"wp:term":[{"taxonomy":"category","embeddable":true,"href":"https:\/\/www.radioluna.it\/news\/wp-json\/wp\/v2\/categories?post=236680"},{"taxonomy":"post_tag","embeddable":true,"href":"https:\/\/www.radioluna.it\/news\/wp-json\/wp\/v2\/tags?post=236680"}],"curies":[{"name":"wp","href":"https:\/\/api.w.org\/{rel}","templated":true}]}}